{"id":177804,"date":"2025-08-11T23:55:27","date_gmt":"2025-08-11T21:55:27","guid":{"rendered":"https:\/\/staging-cfe5-efecomunicaefe.wpcomstaging.com\/?p=177804"},"modified":"2025-08-12T16:41:34","modified_gmt":"2025-08-12T14:41:34","slug":"argentina-aposta-em-11-mercados-de-america-e-europa-para-impulsionar-turismo-estrangeiro","status":"publish","type":"post","link":"https:\/\/staging-cfe5-efecomunicaefe.wpcomstaging.com\/pt-pt\/argentina-aposta-em-11-mercados-de-america-e-europa-para-impulsionar-turismo-estrangeiro\/","title":{"rendered":"Argentina aposta em 11 mercados de Am\u00e9rica e Europa para impulsionar turismo estrangeiro"},"content":{"rendered":"<p data-start=\"96\" data-end=\"400\">A empresa a\u00e9rea Aerol\u00edneas Argentinas lan\u00e7ou uma promo\u00e7\u00e3o com descontos significativos em passagens com o objetivo de aumentar o fluxo de turistas estrangeiros no pa\u00eds sul-americano nos pr\u00f3ximos meses e promover uma s\u00e9rie de destinos tur\u00edsticos em diferentes regi\u00f5es do territ\u00f3rio nacional durante a primavera.<\/p>\n<p data-start=\"402\" data-end=\"764\">Esta a\u00e7\u00e3o conjunta entre a Aerol\u00edneas Argentinas e o Instituto Nacional de Promo\u00e7\u00e3o Tur\u00edstica (Inprotur), que ser\u00e1 v\u00e1lida at\u00e9 31 de agosto e inclui ofertas a partir de 11 pa\u00edses: Brasil, Uruguai, Chile, Bol\u00edvia, Paraguai, Col\u00f4mbia, Peru, Rep\u00fablica Dominicana, Estados Unidos, Espanha e It\u00e1lia.<\/p>\n<p data-start=\"766\" data-end=\"972\">As passagens promocionais poder\u00e3o ser utilizadas entre 15 de agosto e o fim de novembro, com exce\u00e7\u00e3o dos voos saindo da Europa, que ter\u00e3o validade para o per\u00edodo de 1\u00ba de mar\u00e7o ao in\u00edcio de junho de 2026.<\/p>\n<p data-start=\"974\" data-end=\"1349\">A campanha inclui voos de Madri a Buenos Aires por\u00a0 menos de US$ 1.100 e de Miami \u00e0 capital argentina por US$ 600.<\/p>\n<p data-start=\"974\" data-end=\"1349\">Tamb\u00e9m chamam aten\u00e7\u00e3o os pre\u00e7os para a capital argentina a partir de cidades latino-americanas como Assun\u00e7\u00e3o (US$ 150), Lima (US$ 250), Santiago do Chile (US$ 170) e Bogot\u00e1 (US$ 440). No entanto, a esses valores, devem ser acrescentadas as taxas e impostos correspondentes.<\/p>\n<p data-start=\"1351\" data-end=\"1710\">H\u00e1 tamb\u00e9m a possibilidade de incluir um segundo destino, partindo de Buenos Aires para outras regi\u00f5es da Argentina, por um valor adicional de entre US$ 50 e US$ 100. Entre os mais procurados est\u00e3o \u00e1reas da Patag\u00f4nia, como Bariloche, Ushuaia e El Calafate, al\u00e9m da regi\u00e3o vin\u00edcola de Mendoza e as Cataratas do Igua\u00e7u, uma das sete maravilhas naturais do mundo, na fronteira com o Brasil.<\/p>\n<p data-start=\"1712\" data-end=\"1953\">Tamb\u00e9m est\u00e3o inclu\u00eddos destinos no norte do pa\u00eds, como as prov\u00edncias de Salta e Jujuy, atrativos por sua riqueza cultural e paisagens imponentes, al\u00e9m de pre\u00e7os mais acess\u00edveis em hospedagem e experi\u00eancias gastron\u00f4micas.<\/p>\n<blockquote>\n<p data-start=\"1955\" data-end=\"2314\">\u201cDessa forma, a Argentina busca se consolidar como um destino preferencial na regi\u00e3o e no mundo, refor\u00e7ando a conectividade e aproximando sua diversidade de paisagens, cultura e gastronomia de novos viajantes\u201d, explicaram o Inprotur e a Aerol\u00edneas Argentinas em um comunicado, no qual destacaram a inten\u00e7\u00e3o de incentivar a chegada de visitantes estrangeiros.<\/p>\n<\/blockquote>\n<p data-start=\"2316\" data-end=\"2659\">Esta campanha est\u00e1 sendo colocada em pr\u00e1tica em um momento de queda significativa no n\u00famero de turistas estrangeiros que visitam o pa\u00eds diante de um contexto de valoriza\u00e7\u00e3o do peso argentino, o que elevou os pre\u00e7os em moeda estrangeira.<\/p>\n<p data-start=\"2316\" data-end=\"2659\">De acordo com o \u00faltimo relat\u00f3rio do Instituto Nacional de Estat\u00edstica e Censos (Indec), o n\u00famero de visitantes vindos de outros pa\u00edses em junho deste ano chegou a 542.300, uma queda de 21% em compara\u00e7\u00e3o com o mesmo m\u00eas do ano anterior.<\/p>\n<p data-start=\"2781\" data-end=\"3043\">Diante deste cen\u00e1rio, a Argentina busca recuperar a competitividade regional e se posicionar como um destino atrativo para o turismo internacional, especialmente em mercados como Brasil, Uruguai e Chile, que responderam por 59% do total de visitantes em junho.<\/p>\n<h2 data-start=\"3050\" data-end=\"3098\"><strong data-start=\"3050\" data-end=\"3096\">Primavera na Argentina: natureza e cultura<\/strong><\/h2>\n<p data-start=\"3100\" data-end=\"3255\">O objetivo da medida \u00e9 incentivar a chegada de turistas estrangeiros durante a primavera, a temporada de maior oferta natural e cultural no pa\u00eds.<\/p>\n<p data-start=\"3257\" data-end=\"3543\">Entre outubro e novembro, a flora\u00e7\u00e3o de milhares de jacarand\u00e1s colore de violeta as ruas e parques de Buenos Aires, cidade que, al\u00e9m de sua arquitetura marcante, oferece uma ampla programa\u00e7\u00e3o de shows nacionais e internacionais, exposi\u00e7\u00f5es e uma cena teatral reconhecida mundialmente.<\/p>\n<p data-start=\"3545\" data-end=\"3765\">Durante a primavera, o litoral da prov\u00edncia de Chubut recebe baleias-francas-austrais, pinguins e le\u00f5es-marinhos, transformando Puerto Madryn e a Pen\u00ednsula Vald\u00e9s em pontos centrais para o avistamento de fauna marinha.<\/p>\n<p data-start=\"3767\" data-end=\"3930\">Ainda na Patag\u00f4nia, o campo de tulipas de Trevelin exibe seu colorido entre as montanhas, com 44 variedades de flores formando um tapete natural \u00fanico na regi\u00e3o.<\/p>\n<p data-start=\"3932\" data-end=\"4120\">Mendoza, por sua vez,\u00a0 \u00e9 um dos destinos preferidos para o enoturismo, com visitas guiadas, degusta\u00e7\u00f5es e gastronomia regional em vin\u00edcolas localizadas aos p\u00e9s da Cordilheira dos Andes.<\/p>\n<p data-start=\"4122\" data-end=\"4410\">Outro destaque da esta\u00e7\u00e3o \u00e9 a Quebrada de Humahuaca, em Jujuy, com seu emblem\u00e1tico Cerro de Siete Colores (Monte das Sete Cores). Durante a primavera, este destino oferece tamb\u00e9m a possibilidade de observar\u00a0 a flora\u00e7\u00e3o do card\u00f3n, uma esp\u00e9cie de cacto gigante t\u00edpica das regi\u00f5es \u00e1ridas e de alta altitude dos Andes, que pode atingir at\u00e9 10 metros de altura e viver por centenas de anos.<\/p>\n<p data-start=\"4122\" data-end=\"4410\">Al\u00e9m disso, se destacam, nas pronv\u00edncias de Salta e Jujuy,\u00a0 as impressionantes Salinas Grandes, um dos maiores desertos de sal do mundo, com cerca de 4.000 km\u00b2 de extens\u00e3o a uma altitude m\u00e9dia de 3.450 metros acima do n\u00edvel do mar. <strong data-start=\"4412\" data-end=\"4419\">EFE<\/strong><\/p>\n","protected":false},"excerpt":{"rendered":"<p>A empresa a\u00e9rea Aerol\u00edneas Argentinas lan\u00e7ou uma promo\u00e7\u00e3o com descontos significativos em passagens com o objetivo de aumentar o fluxo de turistas estrangeiros no pa\u00eds sul-americano nos pr\u00f3ximos meses e promover uma s\u00e9rie de destinos tur\u00edsticos em diferentes regi\u00f5es do territ\u00f3rio nacional durante a primavera. Esta a\u00e7\u00e3o conjunta entre a Aerol\u00edneas Argentinas e o Instituto &#8230; <\/p>\n<p class=\"read-more-container\"><a title=\"Argentina aposta em 11 mercados de Am\u00e9rica e Europa para impulsionar turismo estrangeiro\" class=\"read-more button\" href=\"https:\/\/staging-cfe5-efecomunicaefe.wpcomstaging.com\/pt-pt\/argentina-aposta-em-11-mercados-de-america-e-europa-para-impulsionar-turismo-estrangeiro\/#more-177804\" aria-label=\"Mais em Argentina aposta em 11 mercados de Am\u00e9rica e Europa para impulsionar turismo estrangeiro\">Ler mais<\/a><\/p>\n","protected":false},"author":198164093,"featured_media":177806,"comment_status":"closed","ping_status":"closed","sticky":false,"template":"","format":"standard","meta":{"_acf_changed":false,"_jetpack_newsletter_access":"","_jetpack_dont_email_post_to_subs":false,"_jetpack_newsletter_tier_id":0,"_jetpack_memberships_contains_paywalled_content":false,"_wpcom_ai_launchpad_first_post":false,"_jetpack_feature_clip_id":0,"_jetpack_memberships_contains_paid_content":false,"footnotes":"","jetpack_post_was_ever_published":false},"categories":[123875,125404],"tags":[126106,128528,126444],"class_list":["post-177804","post","type-post","status-publish","format-standard","has-post-thumbnail","hentry","category-economia-pt-pt","category-turismo-pt-pt","tag-argentina-pt-pt","tag-estrangeiros","tag-turismo-pt-pt","infinite-scroll-item","generate-columns","tablet-grid-50","mobile-grid-100","grid-parent","grid-50"],"acf":[],"yoast_head":"<!-- This site is optimized with the Yoast SEO plugin v28.4 - https:\/\/yoast.com\/product\/yoast-seo-wordpress\/ -->\n<title>Argentina aposta em 11 mercados de Am\u00e9rica e Europa para impulsionar turismo estrangeiro<\/title>\n<meta name=\"description\" content=\"A empresa a\u00e9rea Aerol\u00edneas Argentinas lan\u00e7ou uma promo\u00e7\u00e3o com descontos significativos em passagens com o objetivo de aumentar o fluxo de turistas\" \/>\n<meta name=\"robots\" content=\"index, follow, max-snippet:-1, max-image-preview:large, max-video-preview:-1\" \/>\n<link rel=\"canonical\" href=\"https:\/\/efecomunica.efe.com\/pt-pt\/argentina-aposta-em-11-mercados-de-america-e-europa-para-impulsionar-turismo-estrangeiro\/\" \/>\n<!-- \/ Yoast SEO plugin. -->","yoast_head_json":{"title":"Argentina aposta em 11 mercados de Am\u00e9rica e Europa para impulsionar turismo estrangeiro","description":"A empresa a\u00e9rea Aerol\u00edneas Argentinas lan\u00e7ou uma promo\u00e7\u00e3o com descontos significativos em passagens com o objetivo de aumentar o fluxo de turistas","robots":{"index":"index","follow":"follow","max-snippet":"max-snippet:-1","max-image-preview":"max-image-preview:large","max-video-preview":"max-video-preview:-1"},"canonical":"https:\/\/efecomunica.efe.com\/pt-pt\/argentina-aposta-em-11-mercados-de-america-e-europa-para-impulsionar-turismo-estrangeiro\/","schema":{"@context":"https:\/\/schema.org","@graph":[{"@type":"Article","@id":"https:\/\/efecomunica.efe.com\/pt-pt\/argentina-aposta-em-11-mercados-de-america-e-europa-para-impulsionar-turismo-estrangeiro\/#article","isPartOf":{"@id":"https:\/\/efecomunica.efe.com\/pt-pt\/argentina-aposta-em-11-mercados-de-america-e-europa-para-impulsionar-turismo-estrangeiro\/"},"author":{"name":"Ana Paula Raposo Chain","@id":"https:\/\/efecomunica.efe.com\/#\/schema\/person\/c909104001020699b704e3df33fef431"},"headline":"Argentina aposta em 11 mercados de Am\u00e9rica e Europa para impulsionar turismo estrangeiro","datePublished":"2025-08-11T21:55:27+00:00","dateModified":"2025-08-12T14:41:34+00:00","mainEntityOfPage":{"@id":"https:\/\/efecomunica.efe.com\/pt-pt\/argentina-aposta-em-11-mercados-de-america-e-europa-para-impulsionar-turismo-estrangeiro\/"},"wordCount":812,"publisher":{"@id":"https:\/\/efecomunica.efe.com\/#organization"},"image":{"@id":"https:\/\/efecomunica.efe.com\/pt-pt\/argentina-aposta-em-11-mercados-de-america-e-europa-para-impulsionar-turismo-estrangeiro\/#primaryimage"},"thumbnailUrl":"https:\/\/staging-cfe5-efecomunicaefe.wpcomstaging.com\/wp-content\/uploads\/2025\/08\/rss-efe7fba20f7727b3fbaacadf53ea9ec8d0a4c3c6829w-1536x1024-1.webp","keywords":["Argentina","estrangeiros","turismo"],"articleSection":["Economia","Turismo"],"inLanguage":"pt-PT"},{"@type":"WebPage","@id":"https:\/\/efecomunica.efe.com\/pt-pt\/argentina-aposta-em-11-mercados-de-america-e-europa-para-impulsionar-turismo-estrangeiro\/","url":"https:\/\/efecomunica.efe.com\/pt-pt\/argentina-aposta-em-11-mercados-de-america-e-europa-para-impulsionar-turismo-estrangeiro\/","name":"Argentina aposta em 11 mercados de Am\u00e9rica e Europa para impulsionar turismo estrangeiro","isPartOf":{"@id":"https:\/\/efecomunica.efe.com\/#website"},"primaryImageOfPage":{"@id":"https:\/\/efecomunica.efe.com\/pt-pt\/argentina-aposta-em-11-mercados-de-america-e-europa-para-impulsionar-turismo-estrangeiro\/#primaryimage"},"image":{"@id":"https:\/\/efecomunica.efe.com\/pt-pt\/argentina-aposta-em-11-mercados-de-america-e-europa-para-impulsionar-turismo-estrangeiro\/#primaryimage"},"thumbnailUrl":"https:\/\/staging-cfe5-efecomunicaefe.wpcomstaging.com\/wp-content\/uploads\/2025\/08\/rss-efe7fba20f7727b3fbaacadf53ea9ec8d0a4c3c6829w-1536x1024-1.webp","datePublished":"2025-08-11T21:55:27+00:00","dateModified":"2025-08-12T14:41:34+00:00","description":"A empresa a\u00e9rea Aerol\u00edneas Argentinas lan\u00e7ou uma promo\u00e7\u00e3o com descontos significativos em passagens com o objetivo de aumentar o fluxo de turistas","breadcrumb":{"@id":"https:\/\/efecomunica.efe.com\/pt-pt\/argentina-aposta-em-11-mercados-de-america-e-europa-para-impulsionar-turismo-estrangeiro\/#breadcrumb"},"inLanguage":"pt-PT","potentialAction":[{"@type":"ReadAction","target":["https:\/\/efecomunica.efe.com\/pt-pt\/argentina-aposta-em-11-mercados-de-america-e-europa-para-impulsionar-turismo-estrangeiro\/"]}]},{"@type":"ImageObject","inLanguage":"pt-PT","@id":"https:\/\/efecomunica.efe.com\/pt-pt\/argentina-aposta-em-11-mercados-de-america-e-europa-para-impulsionar-turismo-estrangeiro\/#primaryimage","url":"https:\/\/staging-cfe5-efecomunicaefe.wpcomstaging.com\/wp-content\/uploads\/2025\/08\/rss-efe7fba20f7727b3fbaacadf53ea9ec8d0a4c3c6829w-1536x1024-1.webp","contentUrl":"https:\/\/staging-cfe5-efecomunicaefe.wpcomstaging.com\/wp-content\/uploads\/2025\/08\/rss-efe7fba20f7727b3fbaacadf53ea9ec8d0a4c3c6829w-1536x1024-1.webp","width":1536,"height":1024},{"@type":"BreadcrumbList","@id":"https:\/\/efecomunica.efe.com\/pt-pt\/argentina-aposta-em-11-mercados-de-america-e-europa-para-impulsionar-turismo-estrangeiro\/#breadcrumb","itemListElement":[{"@type":"ListItem","position":1,"name":"Portada","item":"https:\/\/efecomunica.efe.com\/pt-pt\/"},{"@type":"ListItem","position":2,"name":"Argentina aposta em 11 mercados de Am\u00e9rica e Europa para impulsionar turismo estrangeiro"}]},{"@type":"WebSite","@id":"https:\/\/efecomunica.efe.com\/#website","url":"https:\/\/efecomunica.efe.com\/","name":"EFE Comunica","description":"Contenidos para empresas","publisher":{"@id":"https:\/\/efecomunica.efe.com\/#organization"},"potentialAction":[{"@type":"SearchAction","target":{"@type":"EntryPoint","urlTemplate":"https:\/\/efecomunica.efe.com\/?s={search_term_string}"},"query-input":{"@type":"PropertyValueSpecification","valueRequired":true,"valueName":"search_term_string"}}],"inLanguage":"pt-PT"},{"@type":"Organization","@id":"https:\/\/efecomunica.efe.com\/#organization","name":"EFE Comunica","url":"https:\/\/efecomunica.efe.com\/","logo":{"@type":"ImageObject","inLanguage":"pt-PT","@id":"https:\/\/efecomunica.efe.com\/#\/schema\/logo\/image\/","url":"https:\/\/staging-cfe5-efecomunicaefe.wpcomstaging.com\/wp-content\/uploads\/2020\/12\/Logo-EFE-Comunica_png.webp","contentUrl":"https:\/\/staging-cfe5-efecomunicaefe.wpcomstaging.com\/wp-content\/uploads\/2020\/12\/Logo-EFE-Comunica_png.webp","width":1080,"height":486,"caption":"EFE Comunica"},"image":{"@id":"https:\/\/efecomunica.efe.com\/#\/schema\/logo\/image\/"},"sameAs":["https:\/\/www.facebook.com\/EFEComunicaAgenciaEFE","https:\/\/x.com\/EFEcomunica","https:\/\/www.linkedin.com\/showcase\/efecomunica"]},{"@type":"Person","@id":"https:\/\/efecomunica.efe.com\/#\/schema\/person\/c909104001020699b704e3df33fef431","name":"Ana Paula Raposo Chain","image":{"@type":"ImageObject","inLanguage":"pt-PT","@id":"https:\/\/secure.gravatar.com\/avatar\/fdb673c87ee0b2e7929d64a955445cfbf4bfc5af80baee97082d08a440db678f?s=96&d=identicon&r=g","url":"https:\/\/secure.gravatar.com\/avatar\/fdb673c87ee0b2e7929d64a955445cfbf4bfc5af80baee97082d08a440db678f?s=96&d=identicon&r=g","contentUrl":"https:\/\/secure.gravatar.com\/avatar\/fdb673c87ee0b2e7929d64a955445cfbf4bfc5af80baee97082d08a440db678f?s=96&d=identicon&r=g","caption":"Ana Paula Raposo Chain"},"url":"https:\/\/staging-cfe5-efecomunicaefe.wpcomstaging.com\/pt-pt\/author\/achain\/"}]}},"jetpack_likes_enabled":true,"jetpack_shortlink":"https:\/\/wp.me\/ph6zp1-KfO","jetpack_sharing_enabled":true,"jetpack_featured_media_url":"https:\/\/staging-cfe5-efecomunicaefe.wpcomstaging.com\/wp-content\/uploads\/2025\/08\/rss-efe7fba20f7727b3fbaacadf53ea9ec8d0a4c3c6829w-1536x1024-1.webp","_links":{"self":[{"href":"https:\/\/staging-cfe5-efecomunicaefe.wpcomstaging.com\/pt-pt\/wp-json\/wp\/v2\/posts\/177804","targetHints":{"allow":["GET"]}}],"collection":[{"href":"https:\/\/staging-cfe5-efecomunicaefe.wpcomstaging.com\/pt-pt\/wp-json\/wp\/v2\/posts"}],"about":[{"href":"https:\/\/staging-cfe5-efecomunicaefe.wpcomstaging.com\/pt-pt\/wp-json\/wp\/v2\/types\/post"}],"author":[{"embeddable":true,"href":"https:\/\/staging-cfe5-efecomunicaefe.wpcomstaging.com\/pt-pt\/wp-json\/wp\/v2\/users\/198164093"}],"replies":[{"embeddable":true,"href":"https:\/\/staging-cfe5-efecomunicaefe.wpcomstaging.com\/pt-pt\/wp-json\/wp\/v2\/comments?post=177804"}],"version-history":[{"count":5,"href":"https:\/\/staging-cfe5-efecomunicaefe.wpcomstaging.com\/pt-pt\/wp-json\/wp\/v2\/posts\/177804\/revisions"}],"predecessor-version":[{"id":177810,"href":"https:\/\/staging-cfe5-efecomunicaefe.wpcomstaging.com\/pt-pt\/wp-json\/wp\/v2\/posts\/177804\/revisions\/177810"}],"wp:featuredmedia":[{"embeddable":true,"href":"https:\/\/staging-cfe5-efecomunicaefe.wpcomstaging.com\/pt-pt\/wp-json\/wp\/v2\/media\/177806"}],"wp:attachment":[{"href":"https:\/\/staging-cfe5-efecomunicaefe.wpcomstaging.com\/pt-pt\/wp-json\/wp\/v2\/media?parent=177804"}],"wp:term":[{"taxonomy":"category","embeddable":true,"href":"https:\/\/staging-cfe5-efecomunicaefe.wpcomstaging.com\/pt-pt\/wp-json\/wp\/v2\/categories?post=177804"},{"taxonomy":"post_tag","embeddable":true,"href":"https:\/\/staging-cfe5-efecomunicaefe.wpcomstaging.com\/pt-pt\/wp-json\/wp\/v2\/tags?post=177804"}],"curies":[{"name":"wp","href":"https:\/\/api.w.org\/{rel}","templated":true}]}}