{"id":178353,"date":"2025-07-30T23:09:43","date_gmt":"2025-07-30T21:09:43","guid":{"rendered":"https:\/\/staging-cfe5-efecomunicaefe.wpcomstaging.com\/?p=178353"},"modified":"2025-08-15T23:12:26","modified_gmt":"2025-08-15T21:12:26","slug":"chubut-floresce-na-primavera-pinguins-baleias-e-tulipas-na-patagonia-argentina","status":"publish","type":"post","link":"https:\/\/staging-cfe5-efecomunicaefe.wpcomstaging.com\/pt-pt\/chubut-floresce-na-primavera-pinguins-baleias-e-tulipas-na-patagonia-argentina\/","title":{"rendered":"Chubut floresce na primavera: pinguins, baleias e tulipas na Patag\u00f4nia argentina"},"content":{"rendered":"<p data-start=\"233\" data-end=\"579\">Com a chegada da primavera no hemisf\u00e9rio sul, a prov\u00edncia argentina de Chubut se transforma em um dos destinos naturais mais espetaculares do pa\u00eds: as baleias-francas-austrais oferecem seus shows acrob\u00e1ticos no Atl\u00e2ntico, os pinguins-de-Magalh\u00e3es chegam em massa a Punta Tombo e milh\u00f5es de tulipas tingem de cores os campos do vale de Trevelin.<\/p>\n<h2 data-start=\"581\" data-end=\"628\"><strong data-start=\"581\" data-end=\"626\">Natureza em movimento: baleias e pinguins<\/strong><\/h2>\n<p data-start=\"630\" data-end=\"792\">O in\u00edcio da esta\u00e7\u00e3o, em setembro, marca a alta temporada para a observa\u00e7\u00e3o da fauna marinha na Pen\u00ednsula Vald\u00e9s, declarada Patrim\u00f4nio da Humanidade pela Unesco.<\/p>\n<p data-start=\"794\" data-end=\"945\">Dezenas de embarca\u00e7\u00f5es partem todos os dias de Puerto Pir\u00e1mides para se aproximar das baleias, que chegam \u00e0s \u00e1guas do Golfo Nuevo para se reproduzir.<\/p>\n<p data-start=\"947\" data-end=\"1240\">Perto dali, na reserva natural de Punta Tombo, come\u00e7a em setembro a chegada dos primeiros pinguins machos. Milh\u00f5es dessas aves constroem seus ninhos e aguardam as f\u00eameas para iniciar o ciclo reprodutivo naquela que \u00e9 considerada a maior col\u00f4nia continental de pinguins-de-Magalh\u00e3es do mundo.<\/p>\n<p data-start=\"1242\" data-end=\"1615\">Tamb\u00e9m nessa regi\u00e3o est\u00e1 a cidade costeira de Puerto Madryn, outro ponto tur\u00edstico importante da prov\u00edncia que, al\u00e9m da observa\u00e7\u00e3o de baleias-francas-austrais e lobos-marinhos, oferece a possibilidade de aprender mais sobre a fauna e a regi\u00e3o no Museu Oceanogr\u00e1fico e de Ci\u00eancias Naturais \u201cIgnacio Molina\u201d e no Ecocentro, um centro de interpreta\u00e7\u00e3o da vida marinha local.<\/p>\n<p data-start=\"1617\" data-end=\"1847\">Puerto Madryn tamb\u00e9m conta com op\u00e7\u00f5es para praticar snorkel junto a pequenos lobos-marinhos ou at\u00e9 mergulho, em um ecossistema de baixa profundidade onde se observam estrelas-do-mar, salmonetes e an\u00eamonas, entre outras esp\u00e9cies.<\/p>\n<h2 data-start=\"1849\" data-end=\"1877\"><strong data-start=\"1849\" data-end=\"1875\">Tulipas na cordilheira<\/strong><\/h2>\n<p data-start=\"1879\" data-end=\"2071\">No m\u00eas de outubro, floresce no extremo oeste da prov\u00edncia o Campo de Tulipas de Trevelin, um empreendimento familiar que transformou uma pequena vila em um atrativo tur\u00edstico \u00fanico no mundo.<\/p>\n<blockquote>\n<p data-start=\"2073\" data-end=\"2343\">\u201cAntes, durante o m\u00eas de outubro, o turismo era inexistente. Agora \u00e9 a temporada mais importante do ano\u201d, afirmou \u00e0 EFE Juan Carlos Ledesma, respons\u00e1vel pelo projeto e neto de imigrantes galeses, que trocou o cultivo familiar de trigo pelo de tulipas h\u00e1 quase 20 anos.<\/p>\n<\/blockquote>\n<p data-start=\"2345\" data-end=\"2720\">Ledesma explicou que o campo come\u00e7ou como uma produ\u00e7\u00e3o de bulbos para exporta\u00e7\u00e3o e acabou se tornando um atrativo tur\u00edstico, com flores de 44 tonalidades diferentes aos p\u00e9s da Cordilheira dos Andes: \u201cO campo se transformou em um tapete incr\u00edvel que chamava a aten\u00e7\u00e3o de quem passava. Todos queriam se perder caminhando entre as flores, e isso nos levou a abrir ao p\u00fablico\u201d.<\/p>\n<p data-start=\"2722\" data-end=\"2857\">Al\u00e9m do espet\u00e1culo floral, o local oferece um centro de interpreta\u00e7\u00e3o e experi\u00eancias imersivas para conhecer todo o ciclo de cultivo.<\/p>\n<h2 data-start=\"2859\" data-end=\"2913\"><strong data-start=\"2859\" data-end=\"2911\">Sabores do sul: vinhos e produtos com identidade<\/strong><\/h2>\n<p data-start=\"2915\" data-end=\"3081\">A prov\u00edncia de Chubut tem uma breve, mas muito interessante, hist\u00f3ria vitivin\u00edcola, com belos vinhedos que se estendem desde a costa atl\u00e2ntica at\u00e9 os vales andinos.<\/p>\n<p data-start=\"3083\" data-end=\"3291\">Para explorar alternativas ao Malbec, predominante no restante da Argentina, a regi\u00e3o \u00e9 ideal para apreciar Pinot Noir, Chardonnay e Merlot, cepas que se adaptam muito bem ao clima frio e seco da prov\u00edncia.<\/p>\n<p data-start=\"3293\" data-end=\"3582\">Atualmente, existem pelo menos 12 empreendimentos de enoturismo rural em Chubut, com oito experi\u00eancias boutique que combinam produ\u00e7\u00e3o artesanal, processos org\u00e2nicos e uma gastronomia local variada, na qual se destacam as carnes patag\u00f4nicas, a truta e os cogumelos de cipreste e de pinho.<\/p>\n<p data-start=\"3584\" data-end=\"3738\">Visitar esses vinhedos permite degustar vinhos \u00fanicos e descobrir uma identidade culin\u00e1ria marcada pela fus\u00e3o das culturas criolla, europeia e ind\u00edgena.<\/p>\n<h2 data-start=\"3740\" data-end=\"3789\"><strong data-start=\"3740\" data-end=\"3787\">Trilhas, cachoeiras e paisagens patag\u00f4nicas<\/strong><\/h2>\n<p data-start=\"3791\" data-end=\"3955\">Para os amantes de caminhadas, o Parque Nacional Los Alerces oferece circuitos entre lagos, cachoeiras e densas florestas milenares de alerces com at\u00e9 2.600 anos.<\/p>\n<p data-start=\"3957\" data-end=\"4178\">Tamb\u00e9m \u00e9 poss\u00edvel fazer trilhas mais desafiadoras at\u00e9 o lago Bagillt, cercado por geleiras e florestas nativas, ou visitar as cachoeiras Nant y Fall, um percurso c\u00eanico com sete quedas d\u2019\u00e1gua em meio \u00e0 vegeta\u00e7\u00e3o andina.<\/p>\n<p data-start=\"4180\" data-end=\"4368\">Na primavera, Chubut n\u00e3o apenas floresce: revela toda a sua diversidade natural, cultural e gastron\u00f4mica, destacando-se como um destino singular para descobrir a Patag\u00f4nia argentina. EFE<\/p>\n","protected":false},"excerpt":{"rendered":"<p>Com a chegada da primavera no hemisf\u00e9rio sul, a prov\u00edncia argentina de Chubut se transforma em um dos destinos naturais mais espetaculares do pa\u00eds: as baleias-francas-austrais oferecem seus shows acrob\u00e1ticos no Atl\u00e2ntico, os pinguins-de-Magalh\u00e3es chegam em massa a Punta Tombo e milh\u00f5es de tulipas tingem de cores os campos do vale de Trevelin. Natureza em &#8230; <\/p>\n<p class=\"read-more-container\"><a title=\"Chubut floresce na primavera: pinguins, baleias e tulipas na Patag\u00f4nia argentina\" class=\"read-more button\" href=\"https:\/\/staging-cfe5-efecomunicaefe.wpcomstaging.com\/pt-pt\/chubut-floresce-na-primavera-pinguins-baleias-e-tulipas-na-patagonia-argentina\/#more-178353\" aria-label=\"Mais em Chubut floresce na primavera: pinguins, baleias e tulipas na Patag\u00f4nia argentina\">Ler mais<\/a><\/p>\n","protected":false},"author":198164093,"featured_media":178355,"comment_status":"closed","ping_status":"closed","sticky":false,"template":"","format":"standard","meta":{"_acf_changed":false,"_jetpack_newsletter_access":"","_jetpack_dont_email_post_to_subs":false,"_jetpack_newsletter_tier_id":0,"_jetpack_memberships_contains_paywalled_content":false,"_wpcom_ai_launchpad_first_post":false,"_jetpack_feature_clip_id":0,"_jetpack_memberships_contains_paid_content":false,"footnotes":"","jetpack_post_was_ever_published":false},"categories":[125402,125404],"tags":[126106,128537,128536,126444],"class_list":["post-178353","post","type-post","status-publish","format-standard","has-post-thumbnail","hentry","category-sustentabilidade","category-turismo-pt-pt","tag-argentina-pt-pt","tag-natureza","tag-primavera","tag-turismo-pt-pt","infinite-scroll-item","generate-columns","tablet-grid-50","mobile-grid-100","grid-parent","grid-50"],"acf":[],"yoast_head":"<!-- This site is optimized with the Yoast SEO plugin v28.4 - https:\/\/yoast.com\/product\/yoast-seo-wordpress\/ -->\n<title>Chubut floresce na primavera: pinguins, baleias e tulipas na Patag\u00f4nia argentina<\/title>\n<meta name=\"description\" content=\"Com a chegada da primavera no hemisf\u00e9rio sul, a prov\u00edncia argentina de Chubut se transforma em um dos destinos naturais mais espetaculares do pa\u00eds: as\" \/>\n<meta name=\"robots\" content=\"index, follow, max-snippet:-1, max-image-preview:large, max-video-preview:-1\" \/>\n<link rel=\"canonical\" href=\"https:\/\/efecomunica.efe.com\/pt-pt\/chubut-floresce-na-primavera-pinguins-baleias-e-tulipas-na-patagonia-argentina\/\" \/>\n<!-- \/ Yoast SEO plugin. -->","yoast_head_json":{"title":"Chubut floresce na primavera: pinguins, baleias e tulipas na Patag\u00f4nia argentina","description":"Com a chegada da primavera no hemisf\u00e9rio sul, a prov\u00edncia argentina de Chubut se transforma em um dos destinos naturais mais espetaculares do pa\u00eds: as","robots":{"index":"index","follow":"follow","max-snippet":"max-snippet:-1","max-image-preview":"max-image-preview:large","max-video-preview":"max-video-preview:-1"},"canonical":"https:\/\/efecomunica.efe.com\/pt-pt\/chubut-floresce-na-primavera-pinguins-baleias-e-tulipas-na-patagonia-argentina\/","schema":{"@context":"https:\/\/schema.org","@graph":[{"@type":"Article","@id":"https:\/\/efecomunica.efe.com\/pt-pt\/chubut-floresce-na-primavera-pinguins-baleias-e-tulipas-na-patagonia-argentina\/#article","isPartOf":{"@id":"https:\/\/efecomunica.efe.com\/pt-pt\/chubut-floresce-na-primavera-pinguins-baleias-e-tulipas-na-patagonia-argentina\/"},"author":{"name":"Ana Paula Raposo Chain","@id":"https:\/\/efecomunica.efe.com\/#\/schema\/person\/c909104001020699b704e3df33fef431"},"headline":"Chubut floresce na primavera: pinguins, baleias e tulipas na Patag\u00f4nia argentina","datePublished":"2025-07-30T21:09:43+00:00","dateModified":"2025-08-15T21:12:26+00:00","mainEntityOfPage":{"@id":"https:\/\/efecomunica.efe.com\/pt-pt\/chubut-floresce-na-primavera-pinguins-baleias-e-tulipas-na-patagonia-argentina\/"},"wordCount":704,"publisher":{"@id":"https:\/\/efecomunica.efe.com\/#organization"},"image":{"@id":"https:\/\/efecomunica.efe.com\/pt-pt\/chubut-floresce-na-primavera-pinguins-baleias-e-tulipas-na-patagonia-argentina\/#primaryimage"},"thumbnailUrl":"https:\/\/staging-cfe5-efecomunicaefe.wpcomstaging.com\/wp-content\/uploads\/2025\/08\/rss-efe8c20ed4d9d330b4746dc0c811ab1eb4b621541f6w-1536x1024-1.webp","keywords":["Argentina","natureza","primavera","turismo"],"articleSection":["Sustentabilidade","Turismo"],"inLanguage":"pt-PT"},{"@type":"WebPage","@id":"https:\/\/efecomunica.efe.com\/pt-pt\/chubut-floresce-na-primavera-pinguins-baleias-e-tulipas-na-patagonia-argentina\/","url":"https:\/\/efecomunica.efe.com\/pt-pt\/chubut-floresce-na-primavera-pinguins-baleias-e-tulipas-na-patagonia-argentina\/","name":"Chubut floresce na primavera: pinguins, baleias e tulipas na Patag\u00f4nia argentina","isPartOf":{"@id":"https:\/\/efecomunica.efe.com\/#website"},"primaryImageOfPage":{"@id":"https:\/\/efecomunica.efe.com\/pt-pt\/chubut-floresce-na-primavera-pinguins-baleias-e-tulipas-na-patagonia-argentina\/#primaryimage"},"image":{"@id":"https:\/\/efecomunica.efe.com\/pt-pt\/chubut-floresce-na-primavera-pinguins-baleias-e-tulipas-na-patagonia-argentina\/#primaryimage"},"thumbnailUrl":"https:\/\/staging-cfe5-efecomunicaefe.wpcomstaging.com\/wp-content\/uploads\/2025\/08\/rss-efe8c20ed4d9d330b4746dc0c811ab1eb4b621541f6w-1536x1024-1.webp","datePublished":"2025-07-30T21:09:43+00:00","dateModified":"2025-08-15T21:12:26+00:00","description":"Com a chegada da primavera no hemisf\u00e9rio sul, a prov\u00edncia argentina de Chubut se transforma em um dos destinos naturais mais espetaculares do pa\u00eds: as","breadcrumb":{"@id":"https:\/\/efecomunica.efe.com\/pt-pt\/chubut-floresce-na-primavera-pinguins-baleias-e-tulipas-na-patagonia-argentina\/#breadcrumb"},"inLanguage":"pt-PT","potentialAction":[{"@type":"ReadAction","target":["https:\/\/efecomunica.efe.com\/pt-pt\/chubut-floresce-na-primavera-pinguins-baleias-e-tulipas-na-patagonia-argentina\/"]}]},{"@type":"ImageObject","inLanguage":"pt-PT","@id":"https:\/\/efecomunica.efe.com\/pt-pt\/chubut-floresce-na-primavera-pinguins-baleias-e-tulipas-na-patagonia-argentina\/#primaryimage","url":"https:\/\/staging-cfe5-efecomunicaefe.wpcomstaging.com\/wp-content\/uploads\/2025\/08\/rss-efe8c20ed4d9d330b4746dc0c811ab1eb4b621541f6w-1536x1024-1.webp","contentUrl":"https:\/\/staging-cfe5-efecomunicaefe.wpcomstaging.com\/wp-content\/uploads\/2025\/08\/rss-efe8c20ed4d9d330b4746dc0c811ab1eb4b621541f6w-1536x1024-1.webp","width":1536,"height":1024},{"@type":"BreadcrumbList","@id":"https:\/\/efecomunica.efe.com\/pt-pt\/chubut-floresce-na-primavera-pinguins-baleias-e-tulipas-na-patagonia-argentina\/#breadcrumb","itemListElement":[{"@type":"ListItem","position":1,"name":"Portada","item":"https:\/\/efecomunica.efe.com\/pt-pt\/"},{"@type":"ListItem","position":2,"name":"Chubut floresce na primavera: pinguins, baleias e tulipas na Patag\u00f4nia argentina"}]},{"@type":"WebSite","@id":"https:\/\/efecomunica.efe.com\/#website","url":"https:\/\/efecomunica.efe.com\/","name":"EFE Comunica","description":"Contenidos para empresas","publisher":{"@id":"https:\/\/efecomunica.efe.com\/#organization"},"potentialAction":[{"@type":"SearchAction","target":{"@type":"EntryPoint","urlTemplate":"https:\/\/efecomunica.efe.com\/?s={search_term_string}"},"query-input":{"@type":"PropertyValueSpecification","valueRequired":true,"valueName":"search_term_string"}}],"inLanguage":"pt-PT"},{"@type":"Organization","@id":"https:\/\/efecomunica.efe.com\/#organization","name":"EFE Comunica","url":"https:\/\/efecomunica.efe.com\/","logo":{"@type":"ImageObject","inLanguage":"pt-PT","@id":"https:\/\/efecomunica.efe.com\/#\/schema\/logo\/image\/","url":"https:\/\/staging-cfe5-efecomunicaefe.wpcomstaging.com\/wp-content\/uploads\/2020\/12\/Logo-EFE-Comunica_png.webp","contentUrl":"https:\/\/staging-cfe5-efecomunicaefe.wpcomstaging.com\/wp-content\/uploads\/2020\/12\/Logo-EFE-Comunica_png.webp","width":1080,"height":486,"caption":"EFE Comunica"},"image":{"@id":"https:\/\/efecomunica.efe.com\/#\/schema\/logo\/image\/"},"sameAs":["https:\/\/www.facebook.com\/EFEComunicaAgenciaEFE","https:\/\/x.com\/EFEcomunica","https:\/\/www.linkedin.com\/showcase\/efecomunica"]},{"@type":"Person","@id":"https:\/\/efecomunica.efe.com\/#\/schema\/person\/c909104001020699b704e3df33fef431","name":"Ana Paula Raposo Chain","image":{"@type":"ImageObject","inLanguage":"pt-PT","@id":"https:\/\/secure.gravatar.com\/avatar\/fdb673c87ee0b2e7929d64a955445cfbf4bfc5af80baee97082d08a440db678f?s=96&d=identicon&r=g","url":"https:\/\/secure.gravatar.com\/avatar\/fdb673c87ee0b2e7929d64a955445cfbf4bfc5af80baee97082d08a440db678f?s=96&d=identicon&r=g","contentUrl":"https:\/\/secure.gravatar.com\/avatar\/fdb673c87ee0b2e7929d64a955445cfbf4bfc5af80baee97082d08a440db678f?s=96&d=identicon&r=g","caption":"Ana Paula Raposo Chain"},"url":"https:\/\/staging-cfe5-efecomunicaefe.wpcomstaging.com\/pt-pt\/author\/achain\/"}]}},"jetpack_likes_enabled":true,"jetpack_shortlink":"https:\/\/wp.me\/ph6zp1-KoF","jetpack_sharing_enabled":true,"jetpack_featured_media_url":"https:\/\/staging-cfe5-efecomunicaefe.wpcomstaging.com\/wp-content\/uploads\/2025\/08\/rss-efe8c20ed4d9d330b4746dc0c811ab1eb4b621541f6w-1536x1024-1.webp","_links":{"self":[{"href":"https:\/\/staging-cfe5-efecomunicaefe.wpcomstaging.com\/pt-pt\/wp-json\/wp\/v2\/posts\/178353","targetHints":{"allow":["GET"]}}],"collection":[{"href":"https:\/\/staging-cfe5-efecomunicaefe.wpcomstaging.com\/pt-pt\/wp-json\/wp\/v2\/posts"}],"about":[{"href":"https:\/\/staging-cfe5-efecomunicaefe.wpcomstaging.com\/pt-pt\/wp-json\/wp\/v2\/types\/post"}],"author":[{"embeddable":true,"href":"https:\/\/staging-cfe5-efecomunicaefe.wpcomstaging.com\/pt-pt\/wp-json\/wp\/v2\/users\/198164093"}],"replies":[{"embeddable":true,"href":"https:\/\/staging-cfe5-efecomunicaefe.wpcomstaging.com\/pt-pt\/wp-json\/wp\/v2\/comments?post=178353"}],"version-history":[{"count":2,"href":"https:\/\/staging-cfe5-efecomunicaefe.wpcomstaging.com\/pt-pt\/wp-json\/wp\/v2\/posts\/178353\/revisions"}],"predecessor-version":[{"id":178356,"href":"https:\/\/staging-cfe5-efecomunicaefe.wpcomstaging.com\/pt-pt\/wp-json\/wp\/v2\/posts\/178353\/revisions\/178356"}],"wp:featuredmedia":[{"embeddable":true,"href":"https:\/\/staging-cfe5-efecomunicaefe.wpcomstaging.com\/pt-pt\/wp-json\/wp\/v2\/media\/178355"}],"wp:attachment":[{"href":"https:\/\/staging-cfe5-efecomunicaefe.wpcomstaging.com\/pt-pt\/wp-json\/wp\/v2\/media?parent=178353"}],"wp:term":[{"taxonomy":"category","embeddable":true,"href":"https:\/\/staging-cfe5-efecomunicaefe.wpcomstaging.com\/pt-pt\/wp-json\/wp\/v2\/categories?post=178353"},{"taxonomy":"post_tag","embeddable":true,"href":"https:\/\/staging-cfe5-efecomunicaefe.wpcomstaging.com\/pt-pt\/wp-json\/wp\/v2\/tags?post=178353"}],"curies":[{"name":"wp","href":"https:\/\/api.w.org\/{rel}","templated":true}]}}