{"id":186313,"date":"2025-09-30T20:19:16","date_gmt":"2025-09-30T18:19:16","guid":{"rendered":"https:\/\/staging-cfe5-efecomunicaefe.wpcomstaging.com\/?p=186313"},"modified":"2025-10-01T20:21:48","modified_gmt":"2025-10-01T18:21:48","slug":"freixo-no-seculo-xxi-turismo-faz-mais-sentido-que-o-petroleo","status":"publish","type":"post","link":"https:\/\/staging-cfe5-efecomunicaefe.wpcomstaging.com\/pt-pt\/freixo-no-seculo-xxi-turismo-faz-mais-sentido-que-o-petroleo\/","title":{"rendered":"Freixo: &#8220;No s\u00e9culo XXI, turismo faz mais sentido que o petr\u00f3leo&#8221;"},"content":{"rendered":"<p>O <strong>presidente da Embratur, Marcelo Freixo<\/strong>, abordou em entrevista \u00e0 Ag\u00eancia EFE, em Buenos Aires, a estrat\u00e9gia que levou o Brasil a registrar um <strong>crescimento recorde no turismo<\/strong> a partir de 2023 e garantiu que, <strong>&#8220;no s\u00e9culo XXI, o turismo faz mais sentido que o petr\u00f3leo<\/strong>&#8220;.<\/p>\n<figure id=\"attachment_186316\" aria-describedby=\"caption-attachment-186316\" style=\"width: 437px\" class=\"wp-caption alignleft\"><img fetchpriority=\"high\" decoding=\"async\" data-attachment-id=\"186316\" data-permalink=\"https:\/\/staging-cfe5-efecomunicaefe.wpcomstaging.com\/pt-pt\/freixo-no-seculo-xxi-turismo-faz-mais-sentido-que-o-petroleo\/marcelo-freixo-presidente-de-embratur-el-turismo-tiene-mas-sentido-que-el-petroleo-2\/\" data-orig-file=\"https:\/\/staging-cfe5-efecomunicaefe.wpcomstaging.com\/wp-content\/uploads\/2025\/10\/bf7bde564d351aaa75640809888cb22915e50910w.jpg\" data-orig-size=\"1920,1280\" data-comments-opened=\"0\" data-image-meta=\"{&quot;aperture&quot;:&quot;0&quot;,&quot;credit&quot;:&quot;EFE&quot;,&quot;camera&quot;:&quot;&quot;,&quot;caption&quot;:&quot;El presidente de Embratur (Brasil), Marcelo Freixo, posa en una entrevista con EFE durante la Feria Internacional de Turismo (FIT) en Buenos Aires (Argentina). EFE\/ Mat\\u00edas Martin Campaya&quot;,&quot;created_timestamp&quot;:&quot;1759244328&quot;,&quot;copyright&quot;:&quot;&quot;,&quot;focal_length&quot;:&quot;0&quot;,&quot;iso&quot;:&quot;0&quot;,&quot;shutter_speed&quot;:&quot;0&quot;,&quot;title&quot;:&quot;Marcelo Freixo, presidente de Embratur: \\&quot;El turismo tiene m\\u00e1s sentido que el petr\\u00f3leo\\&quot;&quot;,&quot;orientation&quot;:&quot;0&quot;}\" data-image-title=\"Marcelo Freixo, presidente de Embratur: &amp;#8220;El turismo tiene m\u00e1s sentido que el petr\u00f3leo&amp;#8221;\" data-image-description=\"\" data-image-caption=\"&lt;p&gt;El presidente de Embratur (Brasil), Marcelo Freixo, posa en una entrevista con EFE durante la Feria Internacional de Turismo (FIT) en Buenos Aires (Argentina). EFE\/ Mat\u00edas Martin Campaya&lt;\/p&gt;\n\" data-large-file=\"https:\/\/staging-cfe5-efecomunicaefe.wpcomstaging.com\/wp-content\/uploads\/2025\/10\/bf7bde564d351aaa75640809888cb22915e50910w-1024x683.jpg\" class=\" wp-image-186316\" src=\"https:\/\/staging-cfe5-efecomunicaefe.wpcomstaging.com\/wp-content\/uploads\/2025\/10\/bf7bde564d351aaa75640809888cb22915e50910w-300x200.jpg\" alt=\"\" width=\"437\" height=\"291\" srcset=\"https:\/\/staging-cfe5-efecomunicaefe.wpcomstaging.com\/wp-content\/uploads\/2025\/10\/bf7bde564d351aaa75640809888cb22915e50910w-300x200.jpg 300w, https:\/\/staging-cfe5-efecomunicaefe.wpcomstaging.com\/wp-content\/uploads\/2025\/10\/bf7bde564d351aaa75640809888cb22915e50910w-1024x683.jpg 1024w, https:\/\/staging-cfe5-efecomunicaefe.wpcomstaging.com\/wp-content\/uploads\/2025\/10\/bf7bde564d351aaa75640809888cb22915e50910w-768x512.jpg 768w, https:\/\/staging-cfe5-efecomunicaefe.wpcomstaging.com\/wp-content\/uploads\/2025\/10\/bf7bde564d351aaa75640809888cb22915e50910w-1120x747.jpg 1120w, https:\/\/staging-cfe5-efecomunicaefe.wpcomstaging.com\/wp-content\/uploads\/2025\/10\/bf7bde564d351aaa75640809888cb22915e50910w-1536x1024.jpg 1536w, https:\/\/staging-cfe5-efecomunicaefe.wpcomstaging.com\/wp-content\/uploads\/2025\/10\/bf7bde564d351aaa75640809888cb22915e50910w-430x286.jpg 430w, https:\/\/staging-cfe5-efecomunicaefe.wpcomstaging.com\/wp-content\/uploads\/2025\/10\/bf7bde564d351aaa75640809888cb22915e50910w.jpg 1920w\" sizes=\"(max-width: 437px) 100vw, 437px\" \/><figcaption id=\"caption-attachment-186316\" class=\"wp-caption-text\">El presidente de Embratur (Brasil), Marcelo Freixo, posa en una entrevista con EFE durante la Feria Internacional de Turismo (FIT) en Buenos Aires (Argentina). EFE\/ Mat\u00edas Martin Campaya<\/figcaption><\/figure>\n<p>A estrat\u00e9gia da Embratur foi \u201cmontar uma equipe <strong>t\u00e9cnica especializada em turismo<\/strong> com grande capacidade de gest\u00e3o e planejamento\u201d, afirmou Freixo, que esteve na capital argentina para participar da <strong>Feira Internacional de Turismo (FIT)<\/strong> Am\u00e9rica Latina, encerrada na ter\u00e7a-feira.<\/p>\n<p>O Brasil foi o protagonista absoluto da edi\u00e7\u00e3o deste ano do evento, com 26 estandes que <strong>exibiram a pluralidade nacional<\/strong>, com especial \u00eanfase no Nordeste, onde h\u00e1 destinos menos conhecidos para os argentinos, que costumam visitar em maior n\u00famero as regi\u00f5es Sul e Sudeste.<\/p>\n<p>Todas as pol\u00edticas aplicadas, segundo Freixo, se apoiam em intelig\u00eancia de dados.<\/p>\n<p>\u201cSabemos quais mercados t\u00eam interesse pelo Brasil, qual \u00e9 a m\u00e9dia de gastos, quais s\u00e3o as temporadas de maior fluxo, e isso nos permite planejar a\u00e7\u00f5es de<strong> promo\u00e7\u00e3o muito mais eficientes<\/strong>\u201d, declarou.<\/p>\n<p>Essa abordagem, de acordo com ele, permitiu que em 2023 o<strong> turismo internacional gerasse US$ 6,9 bilh\u00f5es,<\/strong> cifra que superou a da Copa do Mundo de 2014. Em 2024, o turismo no Brasil alcan\u00e7ou um novo recorde, com US$ 7,3 bilh\u00f5es e 6,7 milh\u00f5es de visitantes estrangeiros.<\/p>\n<p>\u201c\u00c9 muito significativo, porque significa emprego, renda, crescimento e um grande movimento econ\u00f4mico para todo o pa\u00eds\u201d, frisou.<\/p>\n<p>O turismo representa 8% do Produto Interno Bruto (PIB) do Brasil, um n\u00famero significativo se considerarmos que <strong>petr\u00f3leo e g\u00e1s somam 12%.<\/strong><\/p>\n<blockquote><p>&#8220;Acredito que, no s\u00e9culo XXI, o turismo faz mais sentido que o petr\u00f3leo, especialmente se pensarmos em termos de sustentabilidade e responsabilidade clim\u00e1tica&#8221;, afirmou Freixo.<\/p><\/blockquote>\n<h2>RECORDES NO TURISMO COM ARGENTINA COMO PROTAGONISTA<\/h2>\n<p>Nos primeiros sete meses de 2025, houve <strong>aumento de 46% no turismo<\/strong> em rela\u00e7\u00e3o ao mesmo per\u00edodo do ano anterior, com um crescimento de 94% somente de visitantes argentinos.<\/p>\n<p>\u201cPara se ter uma ideia, em 2024 tivemos 1,9 milh\u00e3o de argentinos no Brasil, e em agosto deste ano j\u00e1 registr\u00e1vamos 2,6 milh\u00f5es\u201d, explicou Freixo.<\/p>\n<p>Questionado sobre se a estrat\u00e9gia brasileira pode ser repetida em outros pa\u00edses, o presidente da <strong>Embratur<\/strong> disse que, embora cada pa\u00eds tenha \u201csuas particularidades e momentos pol\u00edticos, o caminho do planejamento e da<strong> intelig\u00eancia de dados \u00e9 bom para todo<\/strong>s\u201d.<\/p>\n<p>&nbsp;<\/p>\n<h2>APOSTA NA DIVERSIDADE E NAS CULTURAS TRADICIONAIS<\/h2>\n<figure id=\"attachment_186315\" aria-describedby=\"caption-attachment-186315\" style=\"width: 352px\" class=\"wp-caption alignright\"><img decoding=\"async\" data-attachment-id=\"186315\" data-permalink=\"https:\/\/staging-cfe5-efecomunicaefe.wpcomstaging.com\/pt-pt\/freixo-no-seculo-xxi-turismo-faz-mais-sentido-que-o-petroleo\/marcelo-freixo-presidente-de-embratur-el-turismo-tiene-mas-sentido-que-el-petroleo\/\" data-orig-file=\"https:\/\/staging-cfe5-efecomunicaefe.wpcomstaging.com\/wp-content\/uploads\/2025\/10\/466c1f620fe87c4d40da64dbf0c767369223b256w.jpg\" data-orig-size=\"1920,1368\" data-comments-opened=\"0\" data-image-meta=\"{&quot;aperture&quot;:&quot;0&quot;,&quot;credit&quot;:&quot;EFE&quot;,&quot;camera&quot;:&quot;&quot;,&quot;caption&quot;:&quot;El presidente de Embratur (Brasil), Marcelo Freixo, posa en una entrevista con EFE durante la Feria Internacional de Turismo (FIT) en Buenos Aires (Argentina). EFE\/ Mat\\u00edas Martin Campaya&quot;,&quot;created_timestamp&quot;:&quot;1759244328&quot;,&quot;copyright&quot;:&quot;&quot;,&quot;focal_length&quot;:&quot;0&quot;,&quot;iso&quot;:&quot;0&quot;,&quot;shutter_speed&quot;:&quot;0&quot;,&quot;title&quot;:&quot;Marcelo Freixo, presidente de Embratur: \\&quot;El turismo tiene m\\u00e1s sentido que el petr\\u00f3leo\\&quot;&quot;,&quot;orientation&quot;:&quot;0&quot;}\" data-image-title=\"Marcelo Freixo, presidente de Embratur: &amp;#8220;El turismo tiene m\u00e1s sentido que el petr\u00f3leo&amp;#8221;\" data-image-description=\"\" data-image-caption=\"&lt;p&gt;El presidente de Embratur (Brasil), Marcelo Freixo, posa en una entrevista con EFE durante la Feria Internacional de Turismo (FIT) en Buenos Aires (Argentina). EFE\/ Mat\u00edas Martin Campaya&lt;\/p&gt;\n\" data-large-file=\"https:\/\/staging-cfe5-efecomunicaefe.wpcomstaging.com\/wp-content\/uploads\/2025\/10\/466c1f620fe87c4d40da64dbf0c767369223b256w-1024x730.jpg\" class=\" wp-image-186315\" src=\"https:\/\/staging-cfe5-efecomunicaefe.wpcomstaging.com\/wp-content\/uploads\/2025\/10\/466c1f620fe87c4d40da64dbf0c767369223b256w-300x214.jpg\" alt=\"\" width=\"352\" height=\"251\" srcset=\"https:\/\/staging-cfe5-efecomunicaefe.wpcomstaging.com\/wp-content\/uploads\/2025\/10\/466c1f620fe87c4d40da64dbf0c767369223b256w-300x214.jpg 300w, https:\/\/staging-cfe5-efecomunicaefe.wpcomstaging.com\/wp-content\/uploads\/2025\/10\/466c1f620fe87c4d40da64dbf0c767369223b256w-1024x730.jpg 1024w, https:\/\/staging-cfe5-efecomunicaefe.wpcomstaging.com\/wp-content\/uploads\/2025\/10\/466c1f620fe87c4d40da64dbf0c767369223b256w-768x547.jpg 768w, https:\/\/staging-cfe5-efecomunicaefe.wpcomstaging.com\/wp-content\/uploads\/2025\/10\/466c1f620fe87c4d40da64dbf0c767369223b256w-1120x798.jpg 1120w, https:\/\/staging-cfe5-efecomunicaefe.wpcomstaging.com\/wp-content\/uploads\/2025\/10\/466c1f620fe87c4d40da64dbf0c767369223b256w-1536x1094.jpg 1536w, https:\/\/staging-cfe5-efecomunicaefe.wpcomstaging.com\/wp-content\/uploads\/2025\/10\/466c1f620fe87c4d40da64dbf0c767369223b256w-401x286.jpg 401w, https:\/\/staging-cfe5-efecomunicaefe.wpcomstaging.com\/wp-content\/uploads\/2025\/10\/466c1f620fe87c4d40da64dbf0c767369223b256w.jpg 1920w\" sizes=\"(max-width: 352px) 100vw, 352px\" \/><figcaption id=\"caption-attachment-186315\" class=\"wp-caption-text\">El presidente de Embratur (Brasil), Marcelo Freixo, posa en una entrevista con EFE durante la Feria Internacional de Turismo (FIT) en Buenos Aires (Argentina). EFE\/ Mat\u00edas Martin Campaya<\/figcaption><\/figure>\n<p>Na rec\u00e9m-conclu\u00edda edi\u00e7\u00e3o da FIT, o Brasil buscou se diferenciar de seu principal concorrente, o Caribe, ao apelar para a diversidade cultural e natural.<\/p>\n<p>\u201cN\u00e3o somente temos praias, mas seis biomas distintos, com <strong>culturas e gastronomias<\/strong> muito diferentes. Cada regi\u00e3o expressa uma identidade\u201d, afirmou Freixo.<\/p>\n<p>A proposta que o Brasil levou este ano \u00e0 FIT enfatizou o desenvolvimento do <strong>turismo na Amaz\u00f4nia<\/strong> e a promo\u00e7\u00e3o da cultura dos quilombos.<\/p>\n<p>Para Freixo, trata-se de \u201cum turismo de base comunit\u00e1ria, reparat\u00f3rio, com forte compromisso com a hist\u00f3ria e as popula\u00e7\u00f5es tradicionais, acompanhado de certa justi\u00e7a social\u201d.<\/p>\n<p>Ele tamb\u00e9m lembrou que, embora existam no pa\u00eds hot\u00e9is de luxo e propostas exclusivas, \u201ctamb\u00e9m h\u00e1 experi\u00eancias comunit\u00e1rias e organizadas\u201d que oferecem alternativas.<\/p>\n<p>O turismo, conforme enfatizou o presidente da Embratur, cumpre uma fun\u00e7\u00e3o-chave na economia local: \u201cAs pessoas precisam de uma atividade econ\u00f4mica legal para combater as atividades ilegais, e o <strong>turismo \u00e9 uma possibilidade muito importante para essas popula\u00e7\u00f5es<\/strong>\u201d.<\/p>\n","protected":false},"excerpt":{"rendered":"<p>O presidente da Embratur, Marcelo Freixo, abordou em entrevista \u00e0 Ag\u00eancia EFE, em Buenos Aires, a estrat\u00e9gia que levou o Brasil a registrar um crescimento recorde no turismo a partir de 2023 e garantiu que, &#8220;no s\u00e9culo XXI, o turismo faz mais sentido que o petr\u00f3leo&#8220;. A estrat\u00e9gia da Embratur foi \u201cmontar uma equipe t\u00e9cnica &#8230; <\/p>\n<p class=\"read-more-container\"><a title=\"Freixo: &#8220;No s\u00e9culo XXI, turismo faz mais sentido que o petr\u00f3leo&#8221;\" class=\"read-more button\" href=\"https:\/\/staging-cfe5-efecomunicaefe.wpcomstaging.com\/pt-pt\/freixo-no-seculo-xxi-turismo-faz-mais-sentido-que-o-petroleo\/#more-186313\" aria-label=\"Mais em Freixo: &#8220;No s\u00e9culo XXI, turismo faz mais sentido que o petr\u00f3leo&#8221;\">Ler mais<\/a><\/p>\n","protected":false},"author":198164092,"featured_media":186317,"comment_status":"closed","ping_status":"closed","sticky":false,"template":"","format":"standard","meta":{"_acf_changed":false,"_jetpack_newsletter_access":"","_jetpack_dont_email_post_to_subs":false,"_jetpack_newsletter_tier_id":0,"_jetpack_memberships_contains_paywalled_content":false,"_wpcom_ai_launchpad_first_post":false,"_jetpack_feature_clip_id":0,"_jetpack_memberships_contains_paid_content":false,"footnotes":"","jetpack_post_was_ever_published":false},"categories":[123875,125404],"tags":[126059,128511,127449,126444],"class_list":["post-186313","post","type-post","status-publish","format-standard","has-post-thumbnail","hentry","category-economia-pt-pt","category-turismo-pt-pt","tag-efe-pt-pt","tag-embratur","tag-petroleo-pt-pt","tag-turismo-pt-pt","infinite-scroll-item","generate-columns","tablet-grid-50","mobile-grid-100","grid-parent","grid-50"],"acf":[],"yoast_head":"<!-- This site is optimized with the Yoast SEO plugin v28.4 - https:\/\/yoast.com\/product\/yoast-seo-wordpress\/ -->\n<title>Freixo: &quot;No s\u00e9culo XXI, turismo faz mais sentido que o petr\u00f3leo&quot;<\/title>\n<meta name=\"description\" content=\"O presidente da Embratur, Marcelo Freixo, abordou em entrevista \u00e0 Ag\u00eancia EFE, em Buenos Aires, a estrat\u00e9gia que levou o Brasil ...\" \/>\n<meta name=\"robots\" content=\"index, follow, max-snippet:-1, max-image-preview:large, max-video-preview:-1\" \/>\n<link rel=\"canonical\" href=\"https:\/\/efecomunica.efe.com\/pt-pt\/freixo-no-seculo-xxi-turismo-faz-mais-sentido-que-o-petroleo\/\" \/>\n<!-- \/ Yoast SEO plugin. -->","yoast_head_json":{"title":"Freixo: \"No s\u00e9culo XXI, turismo faz mais sentido que o petr\u00f3leo\"","description":"O presidente da Embratur, Marcelo Freixo, abordou em entrevista \u00e0 Ag\u00eancia EFE, em Buenos Aires, a estrat\u00e9gia que levou o Brasil ...","robots":{"index":"index","follow":"follow","max-snippet":"max-snippet:-1","max-image-preview":"max-image-preview:large","max-video-preview":"max-video-preview:-1"},"canonical":"https:\/\/efecomunica.efe.com\/pt-pt\/freixo-no-seculo-xxi-turismo-faz-mais-sentido-que-o-petroleo\/","schema":{"@context":"https:\/\/schema.org","@graph":[{"@type":"Article","@id":"https:\/\/efecomunica.efe.com\/pt-pt\/freixo-no-seculo-xxi-turismo-faz-mais-sentido-que-o-petroleo\/#article","isPartOf":{"@id":"https:\/\/efecomunica.efe.com\/pt-pt\/freixo-no-seculo-xxi-turismo-faz-mais-sentido-que-o-petroleo\/"},"author":{"name":"Jazmin Gonz\u00e1lez","@id":"https:\/\/efecomunica.efe.com\/#\/schema\/person\/04823384111ea6d4fa58d11a40067512"},"headline":"Freixo: &#8220;No s\u00e9culo XXI, turismo faz mais sentido que o petr\u00f3leo&#8221;","datePublished":"2025-09-30T18:19:16+00:00","dateModified":"2025-10-01T18:21:48+00:00","mainEntityOfPage":{"@id":"https:\/\/efecomunica.efe.com\/pt-pt\/freixo-no-seculo-xxi-turismo-faz-mais-sentido-que-o-petroleo\/"},"wordCount":674,"publisher":{"@id":"https:\/\/efecomunica.efe.com\/#organization"},"image":{"@id":"https:\/\/efecomunica.efe.com\/pt-pt\/freixo-no-seculo-xxi-turismo-faz-mais-sentido-que-o-petroleo\/#primaryimage"},"thumbnailUrl":"https:\/\/staging-cfe5-efecomunicaefe.wpcomstaging.com\/wp-content\/uploads\/2025\/10\/cff779ffac95178a3941cba21dbc0525ea2d6fc8w.jpg","keywords":["EFE","embratur","petr\u00f3leo","turismo"],"articleSection":["Economia","Turismo"],"inLanguage":"pt-PT"},{"@type":"WebPage","@id":"https:\/\/efecomunica.efe.com\/pt-pt\/freixo-no-seculo-xxi-turismo-faz-mais-sentido-que-o-petroleo\/","url":"https:\/\/efecomunica.efe.com\/pt-pt\/freixo-no-seculo-xxi-turismo-faz-mais-sentido-que-o-petroleo\/","name":"Freixo: \"No s\u00e9culo XXI, turismo faz mais sentido que o petr\u00f3leo\"","isPartOf":{"@id":"https:\/\/efecomunica.efe.com\/#website"},"primaryImageOfPage":{"@id":"https:\/\/efecomunica.efe.com\/pt-pt\/freixo-no-seculo-xxi-turismo-faz-mais-sentido-que-o-petroleo\/#primaryimage"},"image":{"@id":"https:\/\/efecomunica.efe.com\/pt-pt\/freixo-no-seculo-xxi-turismo-faz-mais-sentido-que-o-petroleo\/#primaryimage"},"thumbnailUrl":"https:\/\/staging-cfe5-efecomunicaefe.wpcomstaging.com\/wp-content\/uploads\/2025\/10\/cff779ffac95178a3941cba21dbc0525ea2d6fc8w.jpg","datePublished":"2025-09-30T18:19:16+00:00","dateModified":"2025-10-01T18:21:48+00:00","description":"O presidente da Embratur, Marcelo Freixo, abordou em entrevista \u00e0 Ag\u00eancia EFE, em Buenos Aires, a estrat\u00e9gia que levou o Brasil ...","breadcrumb":{"@id":"https:\/\/efecomunica.efe.com\/pt-pt\/freixo-no-seculo-xxi-turismo-faz-mais-sentido-que-o-petroleo\/#breadcrumb"},"inLanguage":"pt-PT","potentialAction":[{"@type":"ReadAction","target":["https:\/\/efecomunica.efe.com\/pt-pt\/freixo-no-seculo-xxi-turismo-faz-mais-sentido-que-o-petroleo\/"]}]},{"@type":"ImageObject","inLanguage":"pt-PT","@id":"https:\/\/efecomunica.efe.com\/pt-pt\/freixo-no-seculo-xxi-turismo-faz-mais-sentido-que-o-petroleo\/#primaryimage","url":"https:\/\/staging-cfe5-efecomunicaefe.wpcomstaging.com\/wp-content\/uploads\/2025\/10\/cff779ffac95178a3941cba21dbc0525ea2d6fc8w.jpg","contentUrl":"https:\/\/staging-cfe5-efecomunicaefe.wpcomstaging.com\/wp-content\/uploads\/2025\/10\/cff779ffac95178a3941cba21dbc0525ea2d6fc8w.jpg","width":1920,"height":1280,"caption":"El presidente de Embratur (Brasil), Marcelo Freixo, posa en una entrevista con EFE durante la Feria Internacional de Turismo (FIT) en Buenos Aires (Argentina). EFE\/ Mat\u00edas Martin Campaya"},{"@type":"BreadcrumbList","@id":"https:\/\/efecomunica.efe.com\/pt-pt\/freixo-no-seculo-xxi-turismo-faz-mais-sentido-que-o-petroleo\/#breadcrumb","itemListElement":[{"@type":"ListItem","position":1,"name":"Portada","item":"https:\/\/efecomunica.efe.com\/pt-pt\/"},{"@type":"ListItem","position":2,"name":"Freixo: \u00abNo s\u00e9culo XXI, turismo faz mais sentido que o petr\u00f3leo\u00bb"}]},{"@type":"WebSite","@id":"https:\/\/efecomunica.efe.com\/#website","url":"https:\/\/efecomunica.efe.com\/","name":"EFE Comunica","description":"Contenidos para empresas","publisher":{"@id":"https:\/\/efecomunica.efe.com\/#organization"},"potentialAction":[{"@type":"SearchAction","target":{"@type":"EntryPoint","urlTemplate":"https:\/\/efecomunica.efe.com\/?s={search_term_string}"},"query-input":{"@type":"PropertyValueSpecification","valueRequired":true,"valueName":"search_term_string"}}],"inLanguage":"pt-PT"},{"@type":"Organization","@id":"https:\/\/efecomunica.efe.com\/#organization","name":"EFE Comunica","url":"https:\/\/efecomunica.efe.com\/","logo":{"@type":"ImageObject","inLanguage":"pt-PT","@id":"https:\/\/efecomunica.efe.com\/#\/schema\/logo\/image\/","url":"https:\/\/staging-cfe5-efecomunicaefe.wpcomstaging.com\/wp-content\/uploads\/2020\/12\/Logo-EFE-Comunica_png.webp","contentUrl":"https:\/\/staging-cfe5-efecomunicaefe.wpcomstaging.com\/wp-content\/uploads\/2020\/12\/Logo-EFE-Comunica_png.webp","width":1080,"height":486,"caption":"EFE Comunica"},"image":{"@id":"https:\/\/efecomunica.efe.com\/#\/schema\/logo\/image\/"},"sameAs":["https:\/\/www.facebook.com\/EFEComunicaAgenciaEFE","https:\/\/x.com\/EFEcomunica","https:\/\/www.linkedin.com\/showcase\/efecomunica"]},{"@type":"Person","@id":"https:\/\/efecomunica.efe.com\/#\/schema\/person\/04823384111ea6d4fa58d11a40067512","name":"Jazmin Gonz\u00e1lez","image":{"@type":"ImageObject","inLanguage":"pt-PT","@id":"https:\/\/secure.gravatar.com\/avatar\/bd93a2af17372cb3e92e7a2b8831c9ee7c6f9e685cd352b3c1cd228cc023b700?s=96&d=identicon&r=g","url":"https:\/\/secure.gravatar.com\/avatar\/bd93a2af17372cb3e92e7a2b8831c9ee7c6f9e685cd352b3c1cd228cc023b700?s=96&d=identicon&r=g","contentUrl":"https:\/\/secure.gravatar.com\/avatar\/bd93a2af17372cb3e92e7a2b8831c9ee7c6f9e685cd352b3c1cd228cc023b700?s=96&d=identicon&r=g","caption":"Jazmin Gonz\u00e1lez"},"url":"https:\/\/staging-cfe5-efecomunicaefe.wpcomstaging.com\/pt-pt\/author\/jgonzalezg\/"}]}},"jetpack_likes_enabled":true,"jetpack_shortlink":"https:\/\/wp.me\/ph6zp1-Mt3","jetpack_sharing_enabled":true,"jetpack_featured_media_url":"https:\/\/staging-cfe5-efecomunicaefe.wpcomstaging.com\/wp-content\/uploads\/2025\/10\/cff779ffac95178a3941cba21dbc0525ea2d6fc8w.jpg","_links":{"self":[{"href":"https:\/\/staging-cfe5-efecomunicaefe.wpcomstaging.com\/pt-pt\/wp-json\/wp\/v2\/posts\/186313","targetHints":{"allow":["GET"]}}],"collection":[{"href":"https:\/\/staging-cfe5-efecomunicaefe.wpcomstaging.com\/pt-pt\/wp-json\/wp\/v2\/posts"}],"about":[{"href":"https:\/\/staging-cfe5-efecomunicaefe.wpcomstaging.com\/pt-pt\/wp-json\/wp\/v2\/types\/post"}],"author":[{"embeddable":true,"href":"https:\/\/staging-cfe5-efecomunicaefe.wpcomstaging.com\/pt-pt\/wp-json\/wp\/v2\/users\/198164092"}],"replies":[{"embeddable":true,"href":"https:\/\/staging-cfe5-efecomunicaefe.wpcomstaging.com\/pt-pt\/wp-json\/wp\/v2\/comments?post=186313"}],"version-history":[{"count":6,"href":"https:\/\/staging-cfe5-efecomunicaefe.wpcomstaging.com\/pt-pt\/wp-json\/wp\/v2\/posts\/186313\/revisions"}],"predecessor-version":[{"id":186322,"href":"https:\/\/staging-cfe5-efecomunicaefe.wpcomstaging.com\/pt-pt\/wp-json\/wp\/v2\/posts\/186313\/revisions\/186322"}],"wp:featuredmedia":[{"embeddable":true,"href":"https:\/\/staging-cfe5-efecomunicaefe.wpcomstaging.com\/pt-pt\/wp-json\/wp\/v2\/media\/186317"}],"wp:attachment":[{"href":"https:\/\/staging-cfe5-efecomunicaefe.wpcomstaging.com\/pt-pt\/wp-json\/wp\/v2\/media?parent=186313"}],"wp:term":[{"taxonomy":"category","embeddable":true,"href":"https:\/\/staging-cfe5-efecomunicaefe.wpcomstaging.com\/pt-pt\/wp-json\/wp\/v2\/categories?post=186313"},{"taxonomy":"post_tag","embeddable":true,"href":"https:\/\/staging-cfe5-efecomunicaefe.wpcomstaging.com\/pt-pt\/wp-json\/wp\/v2\/tags?post=186313"}],"curies":[{"name":"wp","href":"https:\/\/api.w.org\/{rel}","templated":true}]}}