{"id":186804,"date":"2025-09-04T15:14:41","date_gmt":"2025-09-04T13:14:41","guid":{"rendered":"https:\/\/staging-cfe5-efecomunicaefe.wpcomstaging.com\/?p=186804"},"modified":"2025-10-03T18:20:01","modified_gmt":"2025-10-03T16:20:01","slug":"o-valor-de-conservar-a-amazonia-evapora-20-bilhoes-de-toneladas-de-agua-por-dia","status":"publish","type":"post","link":"https:\/\/staging-cfe5-efecomunicaefe.wpcomstaging.com\/pt-pt\/o-valor-de-conservar-a-amazonia-evapora-20-bilhoes-de-toneladas-de-agua-por-dia\/","title":{"rendered":"O valor de conservar a Amaz\u00f4nia: evapora 20 bilh\u00f5es de toneladas de \u00e1gua por dia"},"content":{"rendered":"<p>A Amaz\u00f4nia \u00e9 a maior floresta tropical do planeta, e h\u00e1 d\u00e9cadas sofre com a destrui\u00e7\u00e3o de sua superf\u00edcie, mas qual \u00e9 o valor de mant\u00ea-la em p\u00e9? Um dado-chave: evapora 20 bilh\u00f5es de toneladas de \u00e1gua por dia.<\/p>\n<p>O Brasil quer responder a essa pergunta na pr\u00f3xima c\u00fapula mundial do clima (COP30), que ser\u00e1 realizada em novembro, em Bel\u00e9m, e levar\u00e1 uma proposta aos l\u00edderes do mundo: pagar por conservar as florestas tropicais atrav\u00e9s de um fundo internacional.<\/p>\n<p>O problema \u00e9 que poucos sabem da incalcul\u00e1vel contribui\u00e7\u00e3o da Amaz\u00f4nia para a regula\u00e7\u00e3o clim\u00e1tica do planeta e para o desenvolvimento da agropecu\u00e1ria na Am\u00e9rica do Sul, conforme explicaram nesta quinta-feira especialistas que participaram da III edi\u00e7\u00e3o do F\u00f3rum Latino-Americano de Economia Verde (FLEV), organizado pela Ag\u00eancia EFE.<\/p>\n<p>Tasso Azevedo, coordenador-geral do MapBiomas e coautor do livro \u2018O Sil\u00eancio da Motosserra\u2019, declarou que a Amaz\u00f4nia evapora 20 bilh\u00f5es de toneladas de \u00e1gua por dia.<\/p>\n<blockquote><p>&#8220;Para fazer isso com energia, seriam necess\u00e1rios seis meses de toda a energia el\u00e9trica do planeta para fazer o servi\u00e7o que a Amaz\u00f4nia faz em um dia&#8221;, declarou.<\/p><\/blockquote>\n<p>Esse vapor de \u00e1gua chega \u00e0 atmosfera atrav\u00e9s da transpira\u00e7\u00e3o das \u00e1rvores e forma os chamados &#8220;rios voadores&#8221;, ac\u00famulos de umidade que irrigam de chuva a regi\u00e3o sul-americana.<\/p>\n<p>Sem esse gigantesco processo de evapora\u00e7\u00e3o, as vastas \u00e1reas agr\u00edcolas do Brasil e da Argentina, por exemplo, estariam em s\u00e9rio perigo.<\/p>\n<h2>Import\u00e2ncia de manter florestas em p\u00e9<\/h2>\n<p>Ent\u00e3o, quanto vale manter as florestas tropicais vivas em vez de apostar em um modelo econ\u00f4mico baseado na agropecu\u00e1ria intensiva, na minera\u00e7\u00e3o e no desmatamento?<\/p>\n<blockquote><p>&#8220;\u00c9 muito dif\u00edcil de responder, mas a ideia \u00e9 que, se uma pessoa protege a floresta, deve receber um valor que tenha algum significado, mas nunca alcan\u00e7ar\u00e1 o valor real da floresta&#8221;, afirmou Azevedo.<\/p><\/blockquote>\n<p>Nesse sentido, o Brasil lan\u00e7ar\u00e1 na COP30 o Fundo Florestas Tropicais para Sempre (TFFF, na sigla em ingl\u00eas), um novo mecanismo de conserva\u00e7\u00e3o para as florestas tropicais do planeta.<\/p>\n<p>O objetivo \u00e9 somar investimentos p\u00fablicos e privados e direcionar recursos diretamente para aqueles que conservam as florestas, como os povos ind\u00edgenas.<\/p>\n<p>No entanto, Cl\u00e1udio \u00c2ngelo, coordenador de Pol\u00edtica Internacional da rede ecol\u00f3gica Observat\u00f3rio do Clima e tamb\u00e9m coautor do livro \u2018O Sil\u00eancio da Motosserra\u2019, exp\u00f4s no f\u00f3rum algumas dificuldades para adotar um modo de vida sustent\u00e1vel na regi\u00e3o amaz\u00f4nica brasileira.<\/p>\n<p>Ele ressaltou o car\u00e1ter &#8220;conservador&#8221; do setor pecu\u00e1rio e o fato de que comprar terra e destruir sua massa vegetal continua sendo &#8220;muito barato&#8221;. Al\u00e9m disso, &#8220;os incentivos para mudar de comportamento s\u00e3o muito baixos&#8221;.<\/p>\n<p>Tamb\u00e9m h\u00e1 uma quest\u00e3o pol\u00edtica, pois os grupos de press\u00e3o do ramo agropecu\u00e1rio ganharam terreno no Congresso, de onde impulsionaram iniciativas para flexibilizar a regulamenta\u00e7\u00e3o ambiental.<\/p>\n<p>Toda a Amaz\u00f4nia perdeu entre 1985 e 2023 mais de 88 milh\u00f5es de hectares de florestas, uma superf\u00edcie quase t\u00e3o grande quanto a Venezuela, segundo uma an\u00e1lise do Mapbiomas Amaz\u00f4nia, uma iniciativa da Rede Amaz\u00f4nica de Informa\u00e7\u00e3o Socioambiental Georreferenciada (RAISG).<\/p>\n<p>Nas \u00e1reas onde a floresta diminuiu, o uso de solos para a agricultura se expandiu em 598%; e na pecu\u00e1ria, 298%.<\/p>\n<p>O III FLEV conta com o patroc\u00ednio de ApexBrasil, Norte Energia e Lots Group, al\u00e9m do apoio de Imaflora, Observat\u00f3rio do Clima e IBMEC, em cujo audit\u00f3rio o evento \u00e9 realizado. EFE<\/p>\n","protected":false},"excerpt":{"rendered":"<p>A Amaz\u00f4nia \u00e9 a maior floresta tropical do planeta, e h\u00e1 d\u00e9cadas sofre com a destrui\u00e7\u00e3o de sua superf\u00edcie, mas qual \u00e9 o valor de mant\u00ea-la em p\u00e9? Um dado-chave: evapora 20 bilh\u00f5es de toneladas de \u00e1gua por dia. O Brasil quer responder a essa pergunta na pr\u00f3xima c\u00fapula mundial do clima (COP30), que ser\u00e1 &#8230; <\/p>\n<p class=\"read-more-container\"><a title=\"O valor de conservar a Amaz\u00f4nia: evapora 20 bilh\u00f5es de toneladas de \u00e1gua por dia\" class=\"read-more button\" href=\"https:\/\/staging-cfe5-efecomunicaefe.wpcomstaging.com\/pt-pt\/o-valor-de-conservar-a-amazonia-evapora-20-bilhoes-de-toneladas-de-agua-por-dia\/#more-186804\" aria-label=\"Mais em O valor de conservar a Amaz\u00f4nia: evapora 20 bilh\u00f5es de toneladas de \u00e1gua por dia\">Ler mais<\/a><\/p>\n","protected":false},"author":198164093,"featured_media":186806,"comment_status":"closed","ping_status":"closed","sticky":false,"template":"","format":"standard","meta":{"_acf_changed":false,"_jetpack_newsletter_access":"","_jetpack_dont_email_post_to_subs":false,"_jetpack_newsletter_tier_id":0,"_jetpack_memberships_contains_paywalled_content":false,"_wpcom_ai_launchpad_first_post":false,"_jetpack_feature_clip_id":0,"_jetpack_memberships_contains_paid_content":false,"footnotes":"","jetpack_post_was_ever_published":false},"categories":[125402],"tags":[126928,127453,126797,126416],"class_list":["post-186804","post","type-post","status-publish","format-standard","has-post-thumbnail","hentry","category-sustentabilidade","tag-amazonia","tag-crise-climatica","tag-meio-ambiente","tag-sustentabilidade","infinite-scroll-item","generate-columns","tablet-grid-50","mobile-grid-100","grid-parent","grid-50"],"acf":[],"yoast_head":"<!-- This site is optimized with the Yoast SEO plugin v28.3 - https:\/\/yoast.com\/product\/yoast-seo-wordpress\/ -->\n<title>O valor de conservar a Amaz\u00f4nia: evapora 20 bilh\u00f5es de toneladas de \u00e1gua por dia<\/title>\n<meta name=\"description\" content=\"A Amaz\u00f4nia \u00e9 a maior floresta tropical do planeta, e h\u00e1 d\u00e9cadas sofre com a destrui\u00e7\u00e3o de sua superf\u00edcie, mas qual \u00e9 o valor de mant\u00ea-la em p\u00e9? Um\" \/>\n<meta name=\"robots\" content=\"index, follow, max-snippet:-1, max-image-preview:large, max-video-preview:-1\" \/>\n<link rel=\"canonical\" href=\"https:\/\/efecomunica.efe.com\/pt-pt\/o-valor-de-conservar-a-amazonia-evapora-20-bilhoes-de-toneladas-de-agua-por-dia\/\" \/>\n<!-- \/ Yoast SEO plugin. -->","yoast_head_json":{"title":"O valor de conservar a Amaz\u00f4nia: evapora 20 bilh\u00f5es de toneladas de \u00e1gua por dia","description":"A Amaz\u00f4nia \u00e9 a maior floresta tropical do planeta, e h\u00e1 d\u00e9cadas sofre com a destrui\u00e7\u00e3o de sua superf\u00edcie, mas qual \u00e9 o valor de mant\u00ea-la em p\u00e9? Um","robots":{"index":"index","follow":"follow","max-snippet":"max-snippet:-1","max-image-preview":"max-image-preview:large","max-video-preview":"max-video-preview:-1"},"canonical":"https:\/\/efecomunica.efe.com\/pt-pt\/o-valor-de-conservar-a-amazonia-evapora-20-bilhoes-de-toneladas-de-agua-por-dia\/","schema":{"@context":"https:\/\/schema.org","@graph":[{"@type":"Article","@id":"https:\/\/efecomunica.efe.com\/pt-pt\/o-valor-de-conservar-a-amazonia-evapora-20-bilhoes-de-toneladas-de-agua-por-dia\/#article","isPartOf":{"@id":"https:\/\/efecomunica.efe.com\/pt-pt\/o-valor-de-conservar-a-amazonia-evapora-20-bilhoes-de-toneladas-de-agua-por-dia\/"},"author":{"name":"Ana Paula Raposo Chain","@id":"https:\/\/efecomunica.efe.com\/#\/schema\/person\/c909104001020699b704e3df33fef431"},"headline":"O valor de conservar a Amaz\u00f4nia: evapora 20 bilh\u00f5es de toneladas de \u00e1gua por dia","datePublished":"2025-09-04T13:14:41+00:00","dateModified":"2025-10-03T16:20:01+00:00","mainEntityOfPage":{"@id":"https:\/\/efecomunica.efe.com\/pt-pt\/o-valor-de-conservar-a-amazonia-evapora-20-bilhoes-de-toneladas-de-agua-por-dia\/"},"wordCount":621,"publisher":{"@id":"https:\/\/efecomunica.efe.com\/#organization"},"image":{"@id":"https:\/\/efecomunica.efe.com\/pt-pt\/o-valor-de-conservar-a-amazonia-evapora-20-bilhoes-de-toneladas-de-agua-por-dia\/#primaryimage"},"thumbnailUrl":"https:\/\/staging-cfe5-efecomunicaefe.wpcomstaging.com\/wp-content\/uploads\/2025\/10\/8023017486001w.jpg","keywords":["amazonia","crise climatica","meio ambiente","sustentabilidade"],"articleSection":["Sustentabilidade"],"inLanguage":"pt-PT"},{"@type":"WebPage","@id":"https:\/\/efecomunica.efe.com\/pt-pt\/o-valor-de-conservar-a-amazonia-evapora-20-bilhoes-de-toneladas-de-agua-por-dia\/","url":"https:\/\/efecomunica.efe.com\/pt-pt\/o-valor-de-conservar-a-amazonia-evapora-20-bilhoes-de-toneladas-de-agua-por-dia\/","name":"O valor de conservar a Amaz\u00f4nia: evapora 20 bilh\u00f5es de toneladas de \u00e1gua por dia","isPartOf":{"@id":"https:\/\/efecomunica.efe.com\/#website"},"primaryImageOfPage":{"@id":"https:\/\/efecomunica.efe.com\/pt-pt\/o-valor-de-conservar-a-amazonia-evapora-20-bilhoes-de-toneladas-de-agua-por-dia\/#primaryimage"},"image":{"@id":"https:\/\/efecomunica.efe.com\/pt-pt\/o-valor-de-conservar-a-amazonia-evapora-20-bilhoes-de-toneladas-de-agua-por-dia\/#primaryimage"},"thumbnailUrl":"https:\/\/staging-cfe5-efecomunicaefe.wpcomstaging.com\/wp-content\/uploads\/2025\/10\/8023017486001w.jpg","datePublished":"2025-09-04T13:14:41+00:00","dateModified":"2025-10-03T16:20:01+00:00","description":"A Amaz\u00f4nia \u00e9 a maior floresta tropical do planeta, e h\u00e1 d\u00e9cadas sofre com a destrui\u00e7\u00e3o de sua superf\u00edcie, mas qual \u00e9 o valor de mant\u00ea-la em p\u00e9? Um","breadcrumb":{"@id":"https:\/\/efecomunica.efe.com\/pt-pt\/o-valor-de-conservar-a-amazonia-evapora-20-bilhoes-de-toneladas-de-agua-por-dia\/#breadcrumb"},"inLanguage":"pt-PT","potentialAction":[{"@type":"ReadAction","target":["https:\/\/efecomunica.efe.com\/pt-pt\/o-valor-de-conservar-a-amazonia-evapora-20-bilhoes-de-toneladas-de-agua-por-dia\/"]}]},{"@type":"ImageObject","inLanguage":"pt-PT","@id":"https:\/\/efecomunica.efe.com\/pt-pt\/o-valor-de-conservar-a-amazonia-evapora-20-bilhoes-de-toneladas-de-agua-por-dia\/#primaryimage","url":"https:\/\/staging-cfe5-efecomunicaefe.wpcomstaging.com\/wp-content\/uploads\/2025\/10\/8023017486001w.jpg","contentUrl":"https:\/\/staging-cfe5-efecomunicaefe.wpcomstaging.com\/wp-content\/uploads\/2025\/10\/8023017486001w.jpg","width":1920,"height":1280},{"@type":"BreadcrumbList","@id":"https:\/\/efecomunica.efe.com\/pt-pt\/o-valor-de-conservar-a-amazonia-evapora-20-bilhoes-de-toneladas-de-agua-por-dia\/#breadcrumb","itemListElement":[{"@type":"ListItem","position":1,"name":"Portada","item":"https:\/\/efecomunica.efe.com\/pt-pt\/"},{"@type":"ListItem","position":2,"name":"O valor de conservar a Amaz\u00f4nia: evapora 20 bilh\u00f5es de toneladas de \u00e1gua por dia"}]},{"@type":"WebSite","@id":"https:\/\/efecomunica.efe.com\/#website","url":"https:\/\/efecomunica.efe.com\/","name":"EFE Comunica","description":"Contenidos para empresas","publisher":{"@id":"https:\/\/efecomunica.efe.com\/#organization"},"potentialAction":[{"@type":"SearchAction","target":{"@type":"EntryPoint","urlTemplate":"https:\/\/efecomunica.efe.com\/?s={search_term_string}"},"query-input":{"@type":"PropertyValueSpecification","valueRequired":true,"valueName":"search_term_string"}}],"inLanguage":"pt-PT"},{"@type":"Organization","@id":"https:\/\/efecomunica.efe.com\/#organization","name":"EFE Comunica","url":"https:\/\/efecomunica.efe.com\/","logo":{"@type":"ImageObject","inLanguage":"pt-PT","@id":"https:\/\/efecomunica.efe.com\/#\/schema\/logo\/image\/","url":"https:\/\/staging-cfe5-efecomunicaefe.wpcomstaging.com\/wp-content\/uploads\/2020\/12\/Logo-EFE-Comunica_png.webp","contentUrl":"https:\/\/staging-cfe5-efecomunicaefe.wpcomstaging.com\/wp-content\/uploads\/2020\/12\/Logo-EFE-Comunica_png.webp","width":1080,"height":486,"caption":"EFE Comunica"},"image":{"@id":"https:\/\/efecomunica.efe.com\/#\/schema\/logo\/image\/"},"sameAs":["https:\/\/www.facebook.com\/EFEComunicaAgenciaEFE","https:\/\/x.com\/EFEcomunica","https:\/\/www.linkedin.com\/showcase\/efecomunica"]},{"@type":"Person","@id":"https:\/\/efecomunica.efe.com\/#\/schema\/person\/c909104001020699b704e3df33fef431","name":"Ana Paula Raposo Chain","image":{"@type":"ImageObject","inLanguage":"pt-PT","@id":"https:\/\/secure.gravatar.com\/avatar\/fdb673c87ee0b2e7929d64a955445cfbf4bfc5af80baee97082d08a440db678f?s=96&d=identicon&r=g","url":"https:\/\/secure.gravatar.com\/avatar\/fdb673c87ee0b2e7929d64a955445cfbf4bfc5af80baee97082d08a440db678f?s=96&d=identicon&r=g","contentUrl":"https:\/\/secure.gravatar.com\/avatar\/fdb673c87ee0b2e7929d64a955445cfbf4bfc5af80baee97082d08a440db678f?s=96&d=identicon&r=g","caption":"Ana Paula Raposo Chain"},"url":"https:\/\/staging-cfe5-efecomunicaefe.wpcomstaging.com\/pt-pt\/author\/achain\/"}]}},"jetpack_likes_enabled":true,"jetpack_shortlink":"https:\/\/wp.me\/ph6zp1-MAY","jetpack_sharing_enabled":true,"jetpack_featured_media_url":"https:\/\/staging-cfe5-efecomunicaefe.wpcomstaging.com\/wp-content\/uploads\/2025\/10\/8023017486001w.jpg","_links":{"self":[{"href":"https:\/\/staging-cfe5-efecomunicaefe.wpcomstaging.com\/pt-pt\/wp-json\/wp\/v2\/posts\/186804","targetHints":{"allow":["GET"]}}],"collection":[{"href":"https:\/\/staging-cfe5-efecomunicaefe.wpcomstaging.com\/pt-pt\/wp-json\/wp\/v2\/posts"}],"about":[{"href":"https:\/\/staging-cfe5-efecomunicaefe.wpcomstaging.com\/pt-pt\/wp-json\/wp\/v2\/types\/post"}],"author":[{"embeddable":true,"href":"https:\/\/staging-cfe5-efecomunicaefe.wpcomstaging.com\/pt-pt\/wp-json\/wp\/v2\/users\/198164093"}],"replies":[{"embeddable":true,"href":"https:\/\/staging-cfe5-efecomunicaefe.wpcomstaging.com\/pt-pt\/wp-json\/wp\/v2\/comments?post=186804"}],"version-history":[{"count":2,"href":"https:\/\/staging-cfe5-efecomunicaefe.wpcomstaging.com\/pt-pt\/wp-json\/wp\/v2\/posts\/186804\/revisions"}],"predecessor-version":[{"id":186807,"href":"https:\/\/staging-cfe5-efecomunicaefe.wpcomstaging.com\/pt-pt\/wp-json\/wp\/v2\/posts\/186804\/revisions\/186807"}],"wp:featuredmedia":[{"embeddable":true,"href":"https:\/\/staging-cfe5-efecomunicaefe.wpcomstaging.com\/pt-pt\/wp-json\/wp\/v2\/media\/186806"}],"wp:attachment":[{"href":"https:\/\/staging-cfe5-efecomunicaefe.wpcomstaging.com\/pt-pt\/wp-json\/wp\/v2\/media?parent=186804"}],"wp:term":[{"taxonomy":"category","embeddable":true,"href":"https:\/\/staging-cfe5-efecomunicaefe.wpcomstaging.com\/pt-pt\/wp-json\/wp\/v2\/categories?post=186804"},{"taxonomy":"post_tag","embeddable":true,"href":"https:\/\/staging-cfe5-efecomunicaefe.wpcomstaging.com\/pt-pt\/wp-json\/wp\/v2\/tags?post=186804"}],"curies":[{"name":"wp","href":"https:\/\/api.w.org\/{rel}","templated":true}]}}