{"id":72850,"date":"2023-06-05T22:36:43","date_gmt":"2023-06-05T20:36:43","guid":{"rendered":"https:\/\/staging-cfe5-efecomunicaefe.wpcomstaging.com\/?p=72850"},"modified":"2023-06-21T17:19:03","modified_gmt":"2023-06-21T15:19:03","slug":"a-aladi-busca-promover-o-comercio-de-pmes-entre-os-paises-da-america-latina","status":"publish","type":"post","link":"https:\/\/staging-cfe5-efecomunicaefe.wpcomstaging.com\/pt-pt\/a-aladi-busca-promover-o-comercio-de-pmes-entre-os-paises-da-america-latina\/","title":{"rendered":"Aladi busca impulsionar com\u00e9rcio de PMEs entre os pa\u00edses da Am\u00e9rica Latina"},"content":{"rendered":"<p><span style=\"font-weight: 400;\">Estimular o com\u00e9rcio entre os pa\u00edses latino-americanos, com \u00eanfase especial\u00a0 nas <strong>PMEs da regi\u00e3o<\/strong>, \u00e9 o principal objetivo da confer\u00eancia &#8220;Pa\u00edses Ciclos&#8221;, iniciativa promovida pela<a href=\"https:\/\/www.aladi.org\/sitioaladi\/\" target=\"_blank\" rel=\"noopener\"> Associa\u00e7\u00e3o Latino-Americana de Integra\u00e7\u00e3o (Aladi<\/a>) que ser\u00e1 realizada de junho a agosto.<\/span><\/p>\n<blockquote><p><span style=\"font-weight: 400;\">Durante esse per\u00edodo, ser\u00e3o realizadas v\u00e1rias reuni\u00f5es entre autoridades nacionais e representantes da Aladi para fornecer <strong>informa\u00e7\u00f5es atualizadas de cada pa\u00eds sobre <\/strong>como aproveitar os acordos comerciais assinados no \u00e2mbito da associa\u00e7\u00e3o e as possibilidades comerciais.<\/span><\/p><\/blockquote>\n<p><span style=\"font-weight: 400;\">Esse projeto, que teve \u00a0in\u00edcio no ano passado, j\u00e1 conta com mais de \u00a0100 mil registros gratuitos no diret\u00f3rio da plataforma <a href=\"https:\/\/pymesgrandesnegocios.org\/\" target=\"_blank\" rel=\"noopener\">Pymes Latinas Grandes Neg\u00f3cios (PLGN)<\/a>, a plataforma da Aladi para micro, pequenas e m\u00e9dias empresas (MPMEs)..<\/span><\/p>\n<p>&nbsp;<\/p>\n<h2><strong>Conex\u00e3o comercial<\/strong><\/h2>\n<p>&nbsp;<\/p>\n<p><span style=\"font-weight: 400;\">Da mesma forma, <strong>mais de 40.000 empresas e mais de 36.000 produtos em toda a regi\u00e3o<\/strong>\u00a0foram registrados gratuitamente<strong>,<\/strong> desta vez por meio da Conex\u00e3o Empresarial, ferramenta da Aladi para encontrar parceiros comerciais.<strong><br \/>\n<\/strong><\/span><\/p>\n<blockquote><p><span style=\"font-weight: 400;\">&#8220;O Ciclo Pa\u00edses surgiu da conveni\u00eancia de alinhar esfor\u00e7os entre os diferentes pa\u00edses-membros, o setor produtivo das partes e as ag\u00eancias respons\u00e1veis pela promo\u00e7\u00e3o do com\u00e9rcio inter-regional&#8221;, disse \u00e0 Ag\u00eancia EFE Alejandro Bonilla, chefe do Departamento de Acordos e Negocia\u00e7\u00f5es da Aladi.<\/span><\/p><\/blockquote>\n<p>A institui\u00e7\u00e3o foi fundada em 1980, com o Tratado de Montevid\u00e9u, e at\u00e9 hoje tem mais de 100 acordos sobre diferentes assuntos, principalmente voltados para a integra\u00e7\u00e3o regional.<\/p>\n<p>&#8220;Queremos reativar as vantagens e as possibilidades de gerar neg\u00f3cios na regi\u00e3o, enfrentando a reorganiza\u00e7\u00e3o geogr\u00e1fica das \u00e1reas de produ\u00e7\u00e3o e, com isso, promover a gera\u00e7\u00e3o de empregos na regi\u00e3o&#8221;, explicou Bonilla, que garantiu que os pa\u00edses membros da Aladi &#8220;t\u00eam elementos suficientes para aproveitar este momento&#8221;.<\/p>\n<p>Nesse sentido, as empresas que fazem parte desse projeto t\u00eam acesso a um servi\u00e7o de informa\u00e7\u00f5es individualizado sobre as oportunidades e os benef\u00edcios derivados dos acordos comerciais da Aladi, indicadores com as capacidades de exporta\u00e7\u00e3o de seu pa\u00eds e a demanda regional, al\u00e9m de treinamento no uso de ferramentas digitais.<\/p>\n<p>De fato, em seu site, elas contam com um Centro Virtual de Forma\u00e7\u00e3o no qual os usu\u00e1rios podem acessar diferentes cursos online para aprimorar seus conhecimentos, por exemplo, sobre boas pr\u00e1ticas de com\u00e9rcio eletr\u00f4nico.<\/p>\n<p>&nbsp;<\/p>\n<h2><strong>Aladi se concentra nas PMEs<\/strong><\/h2>\n<p>Por esse motivo, Bonilla destacou que a maioria das empresas da regi\u00e3o \u00e9 de PMEs, e que, por isso, <strong>&#8220;a \u00eanfase e concentra&#8221;<\/strong> nelas, mas ele tamb\u00e9m enfatizou que a estrat\u00e9gia da Aladi busca &#8220;integrar e ter conhecimento e produtos que sejam \u00fateis para qualquer tamanho de empresa&#8221;.<\/p>\n<blockquote><p>&#8220;Trabalhamos para padronizar o uso de conceitos, elementos e desafios que o com\u00e9rcio internacional representa, incluindo esse importante setor de PMEs, seja como exportadores diretos ou como parte de cadeias de valor&#8221;, acrescentou.<\/p><\/blockquote>\n<p><span style=\"font-weight: 400;\">No dia 30 de maio, o<a href=\"https:\/\/twitter.com\/LuisLacallePou?ref_src=twsrc%5Egoogle%7Ctwcamp%5Eserp%7Ctwgr%5Eauthor\" target=\"_blank\" rel=\"noopener\"> presidente do Uruguai, Luis Lacalle Pou<\/a>, afirmou o potencial de um instrumento como a Aladi durante a reuni\u00e3o de presidentes da regi\u00e3o, convocada em Bras\u00edlia\u00a0 por seu hom\u00f3logo brasileiro,<a href=\"https:\/\/twitter.com\/LulaOficial\" target=\"_blank\" rel=\"noopener\"> Luiz In\u00e1cio Lula da Silva.<\/a><\/span><\/p>\n<p>&#8220;Nossa posi\u00e7\u00e3o n\u00e3o \u00e9 de satisfa\u00e7\u00e3o com o que o<a href=\"https:\/\/www.mercosur.int\/\" target=\"_blank\" rel=\"noopener\"> Mercosul<\/a> tem feito em termos de agenda interna e externa, e temos que melhorar a inser\u00e7\u00e3o dos pa\u00edses do bloco. Temos a Aladi, e acho que estamos desperdi\u00e7ando o instrumento&#8221;, disse o presidente uruguaio.<\/p>\n<p>O presidente eleito do Paraguai, Santiago Pe\u00f1a, destacou durante sua visita ao Uruguai em 29 de maio que essa organiza\u00e7\u00e3o &#8220;tem as ferramentas legais para acelerar o processo de integra\u00e7\u00e3o comercial e econ\u00f4mica para um Mercosul mais unido e mais forte&#8221;.<\/p>\n<p><span style=\"font-weight: 400;\">A Aladi conta com <strong>63 profissionais especializados<\/strong> em diferentes \u00e1reas que trabalham juntos para capacitar as empresas dos pa\u00edses membros.<\/span><\/p>\n<div dir=\"ltr\">Nesta primeira etapa, que vai de quinta-feira passada at\u00e9 a pr\u00f3xima sexta-feira, o Ciclo Pa\u00edses ter\u00e1 como foco as empresas de Chile, Col\u00f4mbia, Cuba, Equador, M\u00e9xico, Panam\u00e1 e Venezuela.<\/p>\n<p>A pr\u00f3xima edi\u00e7\u00e3o do evento ser\u00e1 realizada de 21 a 29 de agosto e ter\u00e1 como foco os casos de Brasil, Paraguai, Bol\u00edvia, Peru, Argentina e Uruguai.EFE<\/p><\/div>\n","protected":false},"excerpt":{"rendered":"<p>Estimular o com\u00e9rcio entre os pa\u00edses latino-americanos, com \u00eanfase especial\u00a0 nas PMEs da regi\u00e3o, \u00e9 o principal objetivo da confer\u00eancia &#8220;Pa\u00edses Ciclos&#8221;, iniciativa promovida pela Associa\u00e7\u00e3o Latino-Americana de Integra\u00e7\u00e3o (Aladi) que ser\u00e1 realizada de junho a agosto. Durante esse per\u00edodo, ser\u00e3o realizadas v\u00e1rias reuni\u00f5es entre autoridades nacionais e representantes da Aladi para fornecer informa\u00e7\u00f5es atualizadas &#8230; <\/p>\n<p class=\"read-more-container\"><a title=\"Aladi busca impulsionar com\u00e9rcio de PMEs entre os pa\u00edses da Am\u00e9rica Latina\" class=\"read-more button\" href=\"https:\/\/staging-cfe5-efecomunicaefe.wpcomstaging.com\/pt-pt\/a-aladi-busca-promover-o-comercio-de-pmes-entre-os-paises-da-america-latina\/#more-72850\" aria-label=\"Mais em Aladi busca impulsionar com\u00e9rcio de PMEs entre os pa\u00edses da Am\u00e9rica Latina\">Ler mais<\/a><\/p>\n","protected":false},"author":198164091,"featured_media":72854,"comment_status":"closed","ping_status":"closed","sticky":false,"template":"","format":"standard","meta":{"_acf_changed":false,"_jetpack_newsletter_access":"","_jetpack_dont_email_post_to_subs":false,"_jetpack_newsletter_tier_id":0,"_jetpack_memberships_contains_paywalled_content":false,"_wpcom_ai_launchpad_first_post":false,"_jetpack_feature_clip_id":0,"_jetpack_memberships_contains_paid_content":false,"footnotes":"","jetpack_post_was_ever_published":false},"categories":[123875,125405],"tags":[127317,126694,127318,127315,127314,127316],"class_list":["post-72850","post","type-post","status-publish","format-standard","has-post-thumbnail","hentry","category-economia-pt-pt","category-empresas-pt-pt","tag-aladi-pt-pt","tag-comercio-pt-pt","tag-conferencia-pt-pt","tag-latinoamperica","tag-paises-ciclos","tag-pmes","infinite-scroll-item","generate-columns","tablet-grid-50","mobile-grid-100","grid-parent","grid-50"],"acf":[],"yoast_head":"<!-- This site is optimized with the Yoast SEO plugin v28.4 - https:\/\/yoast.com\/product\/yoast-seo-wordpress\/ -->\n<title>Aladi busca promover o com\u00e9rcio de PMEs entre os pa\u00edses da Am\u00e9rica Latina<\/title>\n<meta name=\"description\" content=\"Estimular o com\u00e9rcio entre os pa\u00edses latino-americanos, com especial destaque para as PMEs da regi\u00e3o, o principal objetivo da confer\u00eancia &quot;Pa\u00edses Ciclos&quot;.\" \/>\n<meta name=\"robots\" content=\"index, follow, max-snippet:-1, max-image-preview:large, max-video-preview:-1\" \/>\n<link rel=\"canonical\" href=\"https:\/\/efecomunica.efe.com\/pt-pt\/a-aladi-busca-promover-o-comercio-de-pmes-entre-os-paises-da-america-latina\/\" \/>\n<!-- \/ Yoast SEO plugin. -->","yoast_head_json":{"title":"Aladi busca promover o com\u00e9rcio de PMEs entre os pa\u00edses da Am\u00e9rica Latina","description":"Estimular o com\u00e9rcio entre os pa\u00edses latino-americanos, com especial destaque para as PMEs da regi\u00e3o, o principal objetivo da confer\u00eancia \"Pa\u00edses Ciclos\".","robots":{"index":"index","follow":"follow","max-snippet":"max-snippet:-1","max-image-preview":"max-image-preview:large","max-video-preview":"max-video-preview:-1"},"canonical":"https:\/\/efecomunica.efe.com\/pt-pt\/a-aladi-busca-promover-o-comercio-de-pmes-entre-os-paises-da-america-latina\/","schema":{"@context":"https:\/\/schema.org","@graph":[{"@type":"Article","@id":"https:\/\/efecomunica.efe.com\/pt-pt\/a-aladi-busca-promover-o-comercio-de-pmes-entre-os-paises-da-america-latina\/#article","isPartOf":{"@id":"https:\/\/efecomunica.efe.com\/pt-pt\/a-aladi-busca-promover-o-comercio-de-pmes-entre-os-paises-da-america-latina\/"},"author":{"name":"Carolina Flechas","@id":"https:\/\/efecomunica.efe.com\/#\/schema\/person\/e55c572a9624757556051447ec266c26"},"headline":"Aladi busca impulsionar com\u00e9rcio de PMEs entre os pa\u00edses da Am\u00e9rica Latina","datePublished":"2023-06-05T20:36:43+00:00","dateModified":"2023-06-21T15:19:03+00:00","mainEntityOfPage":{"@id":"https:\/\/efecomunica.efe.com\/pt-pt\/a-aladi-busca-promover-o-comercio-de-pmes-entre-os-paises-da-america-latina\/"},"wordCount":720,"publisher":{"@id":"https:\/\/efecomunica.efe.com\/#organization"},"image":{"@id":"https:\/\/efecomunica.efe.com\/pt-pt\/a-aladi-busca-promover-o-comercio-de-pmes-entre-os-paises-da-america-latina\/#primaryimage"},"thumbnailUrl":"https:\/\/staging-cfe5-efecomunicaefe.wpcomstaging.com\/wp-content\/uploads\/2023\/06\/rss-efe08b58c69a706733b6ecebef4415fe075dd058609w-1120x840-1.webp","keywords":["Aladi","comercio","conferencia","Latinoamperica","pa\u00edses ciclos","PMEs"],"articleSection":["Economia","Empresas"],"inLanguage":"pt-PT"},{"@type":"WebPage","@id":"https:\/\/efecomunica.efe.com\/pt-pt\/a-aladi-busca-promover-o-comercio-de-pmes-entre-os-paises-da-america-latina\/","url":"https:\/\/efecomunica.efe.com\/pt-pt\/a-aladi-busca-promover-o-comercio-de-pmes-entre-os-paises-da-america-latina\/","name":"Aladi busca promover o com\u00e9rcio de PMEs entre os pa\u00edses da Am\u00e9rica Latina","isPartOf":{"@id":"https:\/\/efecomunica.efe.com\/#website"},"primaryImageOfPage":{"@id":"https:\/\/efecomunica.efe.com\/pt-pt\/a-aladi-busca-promover-o-comercio-de-pmes-entre-os-paises-da-america-latina\/#primaryimage"},"image":{"@id":"https:\/\/efecomunica.efe.com\/pt-pt\/a-aladi-busca-promover-o-comercio-de-pmes-entre-os-paises-da-america-latina\/#primaryimage"},"thumbnailUrl":"https:\/\/staging-cfe5-efecomunicaefe.wpcomstaging.com\/wp-content\/uploads\/2023\/06\/rss-efe08b58c69a706733b6ecebef4415fe075dd058609w-1120x840-1.webp","datePublished":"2023-06-05T20:36:43+00:00","dateModified":"2023-06-21T15:19:03+00:00","description":"Estimular o com\u00e9rcio entre os pa\u00edses latino-americanos, com especial destaque para as PMEs da regi\u00e3o, o principal objetivo da confer\u00eancia \"Pa\u00edses Ciclos\".","breadcrumb":{"@id":"https:\/\/efecomunica.efe.com\/pt-pt\/a-aladi-busca-promover-o-comercio-de-pmes-entre-os-paises-da-america-latina\/#breadcrumb"},"inLanguage":"pt-PT","potentialAction":[{"@type":"ReadAction","target":["https:\/\/efecomunica.efe.com\/pt-pt\/a-aladi-busca-promover-o-comercio-de-pmes-entre-os-paises-da-america-latina\/"]}]},{"@type":"ImageObject","inLanguage":"pt-PT","@id":"https:\/\/efecomunica.efe.com\/pt-pt\/a-aladi-busca-promover-o-comercio-de-pmes-entre-os-paises-da-america-latina\/#primaryimage","url":"https:\/\/staging-cfe5-efecomunicaefe.wpcomstaging.com\/wp-content\/uploads\/2023\/06\/rss-efe08b58c69a706733b6ecebef4415fe075dd058609w-1120x840-1.webp","contentUrl":"https:\/\/staging-cfe5-efecomunicaefe.wpcomstaging.com\/wp-content\/uploads\/2023\/06\/rss-efe08b58c69a706733b6ecebef4415fe075dd058609w-1120x840-1.webp","width":1120,"height":840},{"@type":"BreadcrumbList","@id":"https:\/\/efecomunica.efe.com\/pt-pt\/a-aladi-busca-promover-o-comercio-de-pmes-entre-os-paises-da-america-latina\/#breadcrumb","itemListElement":[{"@type":"ListItem","position":1,"name":"Portada","item":"https:\/\/efecomunica.efe.com\/pt-pt\/"},{"@type":"ListItem","position":2,"name":"Aladi busca impulsionar com\u00e9rcio de PMEs entre os pa\u00edses da Am\u00e9rica Latina"}]},{"@type":"WebSite","@id":"https:\/\/efecomunica.efe.com\/#website","url":"https:\/\/efecomunica.efe.com\/","name":"EFE Comunica","description":"Contenidos para empresas","publisher":{"@id":"https:\/\/efecomunica.efe.com\/#organization"},"potentialAction":[{"@type":"SearchAction","target":{"@type":"EntryPoint","urlTemplate":"https:\/\/efecomunica.efe.com\/?s={search_term_string}"},"query-input":{"@type":"PropertyValueSpecification","valueRequired":true,"valueName":"search_term_string"}}],"inLanguage":"pt-PT"},{"@type":"Organization","@id":"https:\/\/efecomunica.efe.com\/#organization","name":"EFE Comunica","url":"https:\/\/efecomunica.efe.com\/","logo":{"@type":"ImageObject","inLanguage":"pt-PT","@id":"https:\/\/efecomunica.efe.com\/#\/schema\/logo\/image\/","url":"https:\/\/staging-cfe5-efecomunicaefe.wpcomstaging.com\/wp-content\/uploads\/2020\/12\/Logo-EFE-Comunica_png.webp","contentUrl":"https:\/\/staging-cfe5-efecomunicaefe.wpcomstaging.com\/wp-content\/uploads\/2020\/12\/Logo-EFE-Comunica_png.webp","width":1080,"height":486,"caption":"EFE Comunica"},"image":{"@id":"https:\/\/efecomunica.efe.com\/#\/schema\/logo\/image\/"},"sameAs":["https:\/\/www.facebook.com\/EFEComunicaAgenciaEFE","https:\/\/x.com\/EFEcomunica","https:\/\/www.linkedin.com\/showcase\/efecomunica"]},{"@type":"Person","@id":"https:\/\/efecomunica.efe.com\/#\/schema\/person\/e55c572a9624757556051447ec266c26","name":"Carolina Flechas","image":{"@type":"ImageObject","inLanguage":"pt-PT","@id":"https:\/\/secure.gravatar.com\/avatar\/1ec5b5ad26c015fb1c575c65a5a02db99e90f8ac02b096a0878168affbf6d2e3?s=96&d=identicon&r=g","url":"https:\/\/secure.gravatar.com\/avatar\/1ec5b5ad26c015fb1c575c65a5a02db99e90f8ac02b096a0878168affbf6d2e3?s=96&d=identicon&r=g","contentUrl":"https:\/\/secure.gravatar.com\/avatar\/1ec5b5ad26c015fb1c575c65a5a02db99e90f8ac02b096a0878168affbf6d2e3?s=96&d=identicon&r=g","caption":"Carolina Flechas"},"url":"https:\/\/staging-cfe5-efecomunicaefe.wpcomstaging.com\/pt-pt\/author\/nflechas\/"}]}},"jetpack_likes_enabled":true,"jetpack_shortlink":"https:\/\/wp.me\/ph6zp1-iX0","jetpack_sharing_enabled":true,"jetpack_featured_media_url":"https:\/\/staging-cfe5-efecomunicaefe.wpcomstaging.com\/wp-content\/uploads\/2023\/06\/rss-efe08b58c69a706733b6ecebef4415fe075dd058609w-1120x840-1.webp","_links":{"self":[{"href":"https:\/\/staging-cfe5-efecomunicaefe.wpcomstaging.com\/pt-pt\/wp-json\/wp\/v2\/posts\/72850","targetHints":{"allow":["GET"]}}],"collection":[{"href":"https:\/\/staging-cfe5-efecomunicaefe.wpcomstaging.com\/pt-pt\/wp-json\/wp\/v2\/posts"}],"about":[{"href":"https:\/\/staging-cfe5-efecomunicaefe.wpcomstaging.com\/pt-pt\/wp-json\/wp\/v2\/types\/post"}],"author":[{"embeddable":true,"href":"https:\/\/staging-cfe5-efecomunicaefe.wpcomstaging.com\/pt-pt\/wp-json\/wp\/v2\/users\/198164091"}],"replies":[{"embeddable":true,"href":"https:\/\/staging-cfe5-efecomunicaefe.wpcomstaging.com\/pt-pt\/wp-json\/wp\/v2\/comments?post=72850"}],"version-history":[{"count":5,"href":"https:\/\/staging-cfe5-efecomunicaefe.wpcomstaging.com\/pt-pt\/wp-json\/wp\/v2\/posts\/72850\/revisions"}],"predecessor-version":[{"id":72992,"href":"https:\/\/staging-cfe5-efecomunicaefe.wpcomstaging.com\/pt-pt\/wp-json\/wp\/v2\/posts\/72850\/revisions\/72992"}],"wp:featuredmedia":[{"embeddable":true,"href":"https:\/\/staging-cfe5-efecomunicaefe.wpcomstaging.com\/pt-pt\/wp-json\/wp\/v2\/media\/72854"}],"wp:attachment":[{"href":"https:\/\/staging-cfe5-efecomunicaefe.wpcomstaging.com\/pt-pt\/wp-json\/wp\/v2\/media?parent=72850"}],"wp:term":[{"taxonomy":"category","embeddable":true,"href":"https:\/\/staging-cfe5-efecomunicaefe.wpcomstaging.com\/pt-pt\/wp-json\/wp\/v2\/categories?post=72850"},{"taxonomy":"post_tag","embeddable":true,"href":"https:\/\/staging-cfe5-efecomunicaefe.wpcomstaging.com\/pt-pt\/wp-json\/wp\/v2\/tags?post=72850"}],"curies":[{"name":"wp","href":"https:\/\/api.w.org\/{rel}","templated":true}]}}