{"id":92703,"date":"2023-11-25T13:36:10","date_gmt":"2023-11-25T12:36:10","guid":{"rendered":"https:\/\/staging-cfe5-efecomunicaefe.wpcomstaging.com\/?p=92703"},"modified":"2023-11-27T19:40:50","modified_gmt":"2023-11-27T18:40:50","slug":"brasil-promove-exportacoes-de-produtos-sustentaveis-da-amazonia","status":"publish","type":"post","link":"https:\/\/staging-cfe5-efecomunicaefe.wpcomstaging.com\/pt-pt\/brasil-promove-exportacoes-de-produtos-sustentaveis-da-amazonia\/","title":{"rendered":"Brasil lan\u00e7a programa para promover exporta\u00e7\u00f5es de produtos sustent\u00e1veis da Amaz\u00f4nia"},"content":{"rendered":"\r\n<p class=\"wp-block-paragraph\">S\u00e3o Paulo (EFE) &#8211; Incentivar a exporta\u00e7\u00e3o de produtos fabricados de forma sustent\u00e1vel e com alto valor agregado na Amaz\u00f4nia \u00e9 uma prioridade para o Brasil, que lan\u00e7ou neste s\u00e1bado um programa para conectar empresas locais a compradores estrangeiros.<\/p>\r\n\r\n\r\n\r\n<p class=\"wp-block-paragraph\">O Exporta Mais Amaz\u00f4nia, desenvolvido pela Ag\u00eancia Brasileira de Promo\u00e7\u00e3o de Exporta\u00e7\u00f5es e Investimentos (ApexBrasil), tem como objetivo identificar, priorizar e corrigir barreiras \u00e0s exporta\u00e7\u00f5es dos setores econ\u00f4micos da regi\u00e3o.<\/p>\r\n\r\n\r\n\r\n<p class=\"wp-block-paragraph\">O novo programa contar\u00e1 com a\u00e7\u00f5es como a organiza\u00e7\u00e3o de estandes tem\u00e1ticos em feiras internacionais, rodadas de neg\u00f3cios e mesas executivas, que contribuir\u00e3o para a descentraliza\u00e7\u00e3o das exporta\u00e7\u00f5es do pa\u00eds com \u00eanfase na regi\u00e3o amaz\u00f4nica, respons\u00e1vel por apenas 8,5% do total das vendas ao exterior.<\/p>\r\n\r\n\r\n\r\n<blockquote class=\"wp-block-quote is-layout-flow wp-block-quote-is-layout-flow\">&#8220;Esse programa busca aproximar o empresariado amaz\u00f4nico dos mercados internacionais, organizando o setor produtivo em torno de desafios comuns e trazendo os compradores do mundo todo para conhecer o potencial dos produtos da floresta, que apresentam alto valor agregado\u201d, destacou o presidente da ApexBrasil, Jorge Viana, em comunicado. <\/blockquote>\r\n\r\n\r\n\r\n<p class=\"wp-block-paragraph\">Durante o evento de lan\u00e7amento, que teve in\u00edcio neste s\u00e1bado e terminar\u00e1 no dia 29 de novembro, em Rio Branco, no Acre, haver\u00e1 pain\u00e9is de debate com especialistas e rodadas de neg\u00f3cios entre compradores internacionais de 16 pa\u00edses e empresas locais, al\u00e9m da apresenta\u00e7\u00e3o do edital da primeira mesa executiva de exporta\u00e7\u00e3o, que ser\u00e1 dedicada \u00e0 castanha-do-par\u00e1.<\/p>\r\n\r\n\r\n\r\n<p class=\"wp-block-paragraph\">Os importadores tamb\u00e9m participar\u00e3o de visitas t\u00e9cnicas a centros de produ\u00e7\u00e3o local de a\u00e7a\u00ed, castanha-do-par\u00e1, chocolates e peixes pr\u00f3ximos a Rio Branco.<\/p>\r\n\r\n\r\n\r\n<h2 id=\"h-potencial-da-amazonia-e-barreiras\" class=\"wp-block-heading\">Potencial da Amaz\u00f4nia e barreiras<\/h2>\r\n\r\n\r\n\r\n<p class=\"wp-block-paragraph\">Segundo a ag\u00eancia, os produtos compat\u00edveis com a floresta amaz\u00f4nica, como o cacau, a pimenta-do-reino, o a\u00e7a\u00ed e a castanha-do-par\u00e1 representam um mercado global de cerca de US$ 200 bilh\u00f5es.<\/p>\r\n\r\n\r\n\r\n<p class=\"wp-block-paragraph\">No entanto, apesar de contar com 30% das florestas tropicais do mundo, a regi\u00e3o Norte do Brasil representa menos de 0,2% das exporta\u00e7\u00f5es mundiais desses produtos.<\/p>\r\n\r\n\r\n\r\n<p class=\"wp-block-paragraph\">Isso se deve, em grande parte, a barreiras relacionadas \u00e0 capacita\u00e7\u00e3o empresarial, \u00e0 promo\u00e7\u00e3o comercial, \u00e0 regulamenta\u00e7\u00e3o ou \u00e0 tecnologia, entre outros problemas.<\/p>\r\n\r\n\r\n\r\n<p class=\"wp-block-paragraph\">Por isso, as mesas executivas, que ser\u00e3o constitu\u00eddas como f\u00f3runs permanentes &#8211; com reuni\u00f5es mensais entre empresas e cooperativas, representantes da ApexBrasil e parceiros &#8211; ter\u00e3o um papel fundamental no desenvolvimento de solu\u00e7\u00f5es de curto e m\u00e9dio prazo para problemas que antecedem as exporta\u00e7\u00f5es.<\/p>\r\n\r\n\r\n\r\n<p class=\"wp-block-paragraph\">Al\u00e9m da mesa executiva lan\u00e7ada neste s\u00e1bado, ser\u00e3o criadas outras dedicadas \u00e0 exporta\u00e7\u00e3o de cacau, a\u00e7a\u00ed e peixes amaz\u00f4nicos.<\/p>\r\n\r\n\r\n\r\n<p class=\"wp-block-paragraph\">Entre os parceiros envolvidos nestas iniciativas est\u00e3o o Minist\u00e9rio da Agricultura e Pecu\u00e1ria, o Servi\u00e7o Florestal Brasileiro, o projeto Amaz\u00f4nia 2030, o Observat\u00f3rio Amaz\u00f4nico da Castanha, a Empresa Brasileira de Pesquisa Agropecu\u00e1ria (Embrapa), o Servi\u00e7o Brasileiro de Apoio \u00e0s Micro e Pequenas Empresas (Sebrae) e universidades.<\/p>\r\n\r\n\r\n\r\n<h2 id=\"h-exporta-mais-brasil\" class=\"wp-block-heading\">Exporta Mais Brasil<\/h2>\r\n\r\n\r\n\r\n<p class=\"wp-block-paragraph\">Em agosto deste ano, a ApexBrasil j\u00e1 havia lan\u00e7ado o Exporta Mais Brasil, com o objetivo de ampliar as exporta\u00e7\u00f5es brasileiras em diferentes setores da economia em todas as regi\u00f5es do pa\u00eds, com prioridade para as micro e pequenas empresas e para mulheres empreendedoras.<\/p>\r\n\r\n\r\n\r\n<p class=\"wp-block-paragraph\">Outra prioridade do programa \u00e9 a participa\u00e7\u00e3o de empresas do Norte e do Nordeste. Em 2022, dos cerca de US$ 334 bilh\u00f5es que o Brasil exportou, apenas US$ 28 bilh\u00f5es corresponderam ao Norte, enquanto o Nordeste foi respons\u00e1vel por apenas US$ 27 bilh\u00f5es.<\/p>\r\n\r\n\r\n\r\n<blockquote class=\"wp-block-quote is-layout-flow wp-block-quote-is-layout-flow\">&#8220;S\u00e3o regi\u00f5es que possuem imenso potencial exportador mas que, pela falta de um olhar atencioso e dedicado, at\u00e9 ent\u00e3o vinha sendo subaproveitado. Por isso, a ApexBrasil assumiu a miss\u00e3o de reposicion\u00e1-las, tamb\u00e9m, como parte da solu\u00e7\u00e3o do Brasil&#8221;, disse a ag\u00eancia em comunicado. <\/blockquote>\r\n\r\n\r\n\r\n<p class=\"wp-block-paragraph\">At\u00e9 o momento, foram realizadas nove rodadas de neg\u00f3cios no \u00e2mbito do programa, das quais participaram 338 empresas brasileiras e 97 compradores de 39 pa\u00edses, ultrapassando a marca de R$ 172 milh\u00f5es na gera\u00e7\u00e3o de neg\u00f3cios imediatos ou futuros, segundo a ApexBrasil. EFE<\/p>\r\n","protected":false},"excerpt":{"rendered":"<p>S\u00e3o Paulo (EFE) &#8211; Incentivar a exporta\u00e7\u00e3o de produtos fabricados de forma sustent\u00e1vel e com alto valor agregado na Amaz\u00f4nia \u00e9 uma prioridade para o Brasil, que lan\u00e7ou neste s\u00e1bado um programa para conectar empresas locais a compradores estrangeiros. O Exporta Mais Amaz\u00f4nia, desenvolvido pela Ag\u00eancia Brasileira de Promo\u00e7\u00e3o de Exporta\u00e7\u00f5es e Investimentos (ApexBrasil), tem &#8230; <\/p>\n<p class=\"read-more-container\"><a title=\"Brasil lan\u00e7a programa para promover exporta\u00e7\u00f5es de produtos sustent\u00e1veis da Amaz\u00f4nia\" class=\"read-more button\" href=\"https:\/\/staging-cfe5-efecomunicaefe.wpcomstaging.com\/pt-pt\/brasil-promove-exportacoes-de-produtos-sustentaveis-da-amazonia\/#more-92703\" aria-label=\"Mais em Brasil lan\u00e7a programa para promover exporta\u00e7\u00f5es de produtos sustent\u00e1veis da Amaz\u00f4nia\">Ler mais<\/a><\/p>\n","protected":false},"author":198164093,"featured_media":92707,"comment_status":"closed","ping_status":"closed","sticky":false,"template":"","format":"standard","meta":{"_acf_changed":false,"_jetpack_newsletter_access":"","_jetpack_dont_email_post_to_subs":false,"_jetpack_newsletter_tier_id":0,"_jetpack_memberships_contains_paywalled_content":false,"_wpcom_ai_launchpad_first_post":false,"_jetpack_feature_clip_id":0,"_jetpack_memberships_contains_paid_content":false,"footnotes":"","jetpack_post_was_ever_published":false},"categories":[123875,125402,125406],"tags":[126928,126695,126417,126416],"class_list":["post-92703","post","type-post","status-publish","format-standard","has-post-thumbnail","hentry","category-economia-pt-pt","category-sustentabilidade","category-tendencias-pt-pt","tag-amazonia","tag-brasil-pt-pt","tag-economia-pt-pt","tag-sustentabilidade","infinite-scroll-item","generate-columns","tablet-grid-50","mobile-grid-100","grid-parent","grid-50"],"acf":[],"yoast_head":"<!-- This site is optimized with the Yoast SEO plugin v28.4 - https:\/\/yoast.com\/product\/yoast-seo-wordpress\/ -->\n<title>Brasil promove exporta\u00e7\u00e3o de produtos sustent\u00e1veis da Amaz\u00f4nia<\/title>\n<meta name=\"description\" content=\"Incentivar a exporta\u00e7\u00e3o de produtos sustent\u00e1veis da Amaz\u00f4nia \u00e9 prioridade para o Brasil, que lan\u00e7ou um programa para para conectar empresas.\" \/>\n<meta name=\"robots\" content=\"index, follow, max-snippet:-1, max-image-preview:large, max-video-preview:-1\" \/>\n<link rel=\"canonical\" href=\"https:\/\/efecomunica.efe.com\/pt-pt\/brasil-promove-exportacoes-de-produtos-sustentaveis-da-amazonia\/\" \/>\n<!-- \/ Yoast SEO plugin. -->","yoast_head_json":{"title":"Brasil promove exporta\u00e7\u00e3o de produtos sustent\u00e1veis da Amaz\u00f4nia","description":"Incentivar a exporta\u00e7\u00e3o de produtos sustent\u00e1veis da Amaz\u00f4nia \u00e9 prioridade para o Brasil, que lan\u00e7ou um programa para para conectar empresas.","robots":{"index":"index","follow":"follow","max-snippet":"max-snippet:-1","max-image-preview":"max-image-preview:large","max-video-preview":"max-video-preview:-1"},"canonical":"https:\/\/efecomunica.efe.com\/pt-pt\/brasil-promove-exportacoes-de-produtos-sustentaveis-da-amazonia\/","schema":{"@context":"https:\/\/schema.org","@graph":[{"@type":"Article","@id":"https:\/\/efecomunica.efe.com\/pt-pt\/brasil-promove-exportacoes-de-produtos-sustentaveis-da-amazonia\/#article","isPartOf":{"@id":"https:\/\/efecomunica.efe.com\/pt-pt\/brasil-promove-exportacoes-de-produtos-sustentaveis-da-amazonia\/"},"author":{"name":"Ana Paula Raposo Chain","@id":"https:\/\/efecomunica.efe.com\/#\/schema\/person\/c909104001020699b704e3df33fef431"},"headline":"Brasil lan\u00e7a programa para promover exporta\u00e7\u00f5es de produtos sustent\u00e1veis da Amaz\u00f4nia","datePublished":"2023-11-25T12:36:10+00:00","dateModified":"2023-11-27T18:40:50+00:00","mainEntityOfPage":{"@id":"https:\/\/efecomunica.efe.com\/pt-pt\/brasil-promove-exportacoes-de-produtos-sustentaveis-da-amazonia\/"},"wordCount":699,"publisher":{"@id":"https:\/\/efecomunica.efe.com\/#organization"},"image":{"@id":"https:\/\/efecomunica.efe.com\/pt-pt\/brasil-promove-exportacoes-de-produtos-sustentaveis-da-amazonia\/#primaryimage"},"thumbnailUrl":"https:\/\/staging-cfe5-efecomunicaefe.wpcomstaging.com\/wp-content\/uploads\/2023\/11\/rss-efe9e2861a6e13820f934c277a08162834950ea4287w-1120x747-1.webp","keywords":["amazonia","brasil","econom\u00eda","sustentabilidade"],"articleSection":["Economia","Sustentabilidade","Tend\u00eancias"],"inLanguage":"pt-PT"},{"@type":"WebPage","@id":"https:\/\/efecomunica.efe.com\/pt-pt\/brasil-promove-exportacoes-de-produtos-sustentaveis-da-amazonia\/","url":"https:\/\/efecomunica.efe.com\/pt-pt\/brasil-promove-exportacoes-de-produtos-sustentaveis-da-amazonia\/","name":"Brasil promove exporta\u00e7\u00e3o de produtos sustent\u00e1veis da Amaz\u00f4nia","isPartOf":{"@id":"https:\/\/efecomunica.efe.com\/#website"},"primaryImageOfPage":{"@id":"https:\/\/efecomunica.efe.com\/pt-pt\/brasil-promove-exportacoes-de-produtos-sustentaveis-da-amazonia\/#primaryimage"},"image":{"@id":"https:\/\/efecomunica.efe.com\/pt-pt\/brasil-promove-exportacoes-de-produtos-sustentaveis-da-amazonia\/#primaryimage"},"thumbnailUrl":"https:\/\/staging-cfe5-efecomunicaefe.wpcomstaging.com\/wp-content\/uploads\/2023\/11\/rss-efe9e2861a6e13820f934c277a08162834950ea4287w-1120x747-1.webp","datePublished":"2023-11-25T12:36:10+00:00","dateModified":"2023-11-27T18:40:50+00:00","description":"Incentivar a exporta\u00e7\u00e3o de produtos sustent\u00e1veis da Amaz\u00f4nia \u00e9 prioridade para o Brasil, que lan\u00e7ou um programa para para conectar empresas.","breadcrumb":{"@id":"https:\/\/efecomunica.efe.com\/pt-pt\/brasil-promove-exportacoes-de-produtos-sustentaveis-da-amazonia\/#breadcrumb"},"inLanguage":"pt-PT","potentialAction":[{"@type":"ReadAction","target":["https:\/\/efecomunica.efe.com\/pt-pt\/brasil-promove-exportacoes-de-produtos-sustentaveis-da-amazonia\/"]}]},{"@type":"ImageObject","inLanguage":"pt-PT","@id":"https:\/\/efecomunica.efe.com\/pt-pt\/brasil-promove-exportacoes-de-produtos-sustentaveis-da-amazonia\/#primaryimage","url":"https:\/\/staging-cfe5-efecomunicaefe.wpcomstaging.com\/wp-content\/uploads\/2023\/11\/rss-efe9e2861a6e13820f934c277a08162834950ea4287w-1120x747-1.webp","contentUrl":"https:\/\/staging-cfe5-efecomunicaefe.wpcomstaging.com\/wp-content\/uploads\/2023\/11\/rss-efe9e2861a6e13820f934c277a08162834950ea4287w-1120x747-1.webp","width":1120,"height":747},{"@type":"BreadcrumbList","@id":"https:\/\/efecomunica.efe.com\/pt-pt\/brasil-promove-exportacoes-de-produtos-sustentaveis-da-amazonia\/#breadcrumb","itemListElement":[{"@type":"ListItem","position":1,"name":"Portada","item":"https:\/\/efecomunica.efe.com\/pt-pt\/"},{"@type":"ListItem","position":2,"name":"Brasil lan\u00e7a programa para promover exporta\u00e7\u00f5es de produtos sustent\u00e1veis da Amaz\u00f4nia"}]},{"@type":"WebSite","@id":"https:\/\/efecomunica.efe.com\/#website","url":"https:\/\/efecomunica.efe.com\/","name":"EFE Comunica","description":"Contenidos para empresas","publisher":{"@id":"https:\/\/efecomunica.efe.com\/#organization"},"potentialAction":[{"@type":"SearchAction","target":{"@type":"EntryPoint","urlTemplate":"https:\/\/efecomunica.efe.com\/?s={search_term_string}"},"query-input":{"@type":"PropertyValueSpecification","valueRequired":true,"valueName":"search_term_string"}}],"inLanguage":"pt-PT"},{"@type":"Organization","@id":"https:\/\/efecomunica.efe.com\/#organization","name":"EFE Comunica","url":"https:\/\/efecomunica.efe.com\/","logo":{"@type":"ImageObject","inLanguage":"pt-PT","@id":"https:\/\/efecomunica.efe.com\/#\/schema\/logo\/image\/","url":"https:\/\/staging-cfe5-efecomunicaefe.wpcomstaging.com\/wp-content\/uploads\/2020\/12\/Logo-EFE-Comunica_png.webp","contentUrl":"https:\/\/staging-cfe5-efecomunicaefe.wpcomstaging.com\/wp-content\/uploads\/2020\/12\/Logo-EFE-Comunica_png.webp","width":1080,"height":486,"caption":"EFE Comunica"},"image":{"@id":"https:\/\/efecomunica.efe.com\/#\/schema\/logo\/image\/"},"sameAs":["https:\/\/www.facebook.com\/EFEComunicaAgenciaEFE","https:\/\/x.com\/EFEcomunica","https:\/\/www.linkedin.com\/showcase\/efecomunica"]},{"@type":"Person","@id":"https:\/\/efecomunica.efe.com\/#\/schema\/person\/c909104001020699b704e3df33fef431","name":"Ana Paula Raposo Chain","image":{"@type":"ImageObject","inLanguage":"pt-PT","@id":"https:\/\/secure.gravatar.com\/avatar\/fdb673c87ee0b2e7929d64a955445cfbf4bfc5af80baee97082d08a440db678f?s=96&d=identicon&r=g","url":"https:\/\/secure.gravatar.com\/avatar\/fdb673c87ee0b2e7929d64a955445cfbf4bfc5af80baee97082d08a440db678f?s=96&d=identicon&r=g","contentUrl":"https:\/\/secure.gravatar.com\/avatar\/fdb673c87ee0b2e7929d64a955445cfbf4bfc5af80baee97082d08a440db678f?s=96&d=identicon&r=g","caption":"Ana Paula Raposo Chain"},"url":"https:\/\/staging-cfe5-efecomunicaefe.wpcomstaging.com\/pt-pt\/author\/achain\/"}]}},"jetpack_likes_enabled":true,"jetpack_shortlink":"https:\/\/wp.me\/ph6zp1-o7d","jetpack_sharing_enabled":true,"jetpack_featured_media_url":"https:\/\/staging-cfe5-efecomunicaefe.wpcomstaging.com\/wp-content\/uploads\/2023\/11\/rss-efe9e2861a6e13820f934c277a08162834950ea4287w-1120x747-1.webp","_links":{"self":[{"href":"https:\/\/staging-cfe5-efecomunicaefe.wpcomstaging.com\/pt-pt\/wp-json\/wp\/v2\/posts\/92703","targetHints":{"allow":["GET"]}}],"collection":[{"href":"https:\/\/staging-cfe5-efecomunicaefe.wpcomstaging.com\/pt-pt\/wp-json\/wp\/v2\/posts"}],"about":[{"href":"https:\/\/staging-cfe5-efecomunicaefe.wpcomstaging.com\/pt-pt\/wp-json\/wp\/v2\/types\/post"}],"author":[{"embeddable":true,"href":"https:\/\/staging-cfe5-efecomunicaefe.wpcomstaging.com\/pt-pt\/wp-json\/wp\/v2\/users\/198164093"}],"replies":[{"embeddable":true,"href":"https:\/\/staging-cfe5-efecomunicaefe.wpcomstaging.com\/pt-pt\/wp-json\/wp\/v2\/comments?post=92703"}],"version-history":[{"count":3,"href":"https:\/\/staging-cfe5-efecomunicaefe.wpcomstaging.com\/pt-pt\/wp-json\/wp\/v2\/posts\/92703\/revisions"}],"predecessor-version":[{"id":92708,"href":"https:\/\/staging-cfe5-efecomunicaefe.wpcomstaging.com\/pt-pt\/wp-json\/wp\/v2\/posts\/92703\/revisions\/92708"}],"wp:featuredmedia":[{"embeddable":true,"href":"https:\/\/staging-cfe5-efecomunicaefe.wpcomstaging.com\/pt-pt\/wp-json\/wp\/v2\/media\/92707"}],"wp:attachment":[{"href":"https:\/\/staging-cfe5-efecomunicaefe.wpcomstaging.com\/pt-pt\/wp-json\/wp\/v2\/media?parent=92703"}],"wp:term":[{"taxonomy":"category","embeddable":true,"href":"https:\/\/staging-cfe5-efecomunicaefe.wpcomstaging.com\/pt-pt\/wp-json\/wp\/v2\/categories?post=92703"},{"taxonomy":"post_tag","embeddable":true,"href":"https:\/\/staging-cfe5-efecomunicaefe.wpcomstaging.com\/pt-pt\/wp-json\/wp\/v2\/tags?post=92703"}],"curies":[{"name":"wp","href":"https:\/\/api.w.org\/{rel}","templated":true}]}}