{"id":95100,"date":"2023-10-02T13:29:28","date_gmt":"2023-10-02T11:29:28","guid":{"rendered":"https:\/\/staging-cfe5-efecomunicaefe.wpcomstaging.com\/?p=95100"},"modified":"2023-12-11T17:35:30","modified_gmt":"2023-12-11T16:35:30","slug":"agencia-efe-forum-latino-americano-economia-verde-brasil","status":"publish","type":"post","link":"https:\/\/staging-cfe5-efecomunicaefe.wpcomstaging.com\/pt-pt\/agencia-efe-forum-latino-americano-economia-verde-brasil\/","title":{"rendered":"Ag\u00eancia EFE organizar\u00e1 F\u00f3rum Latino-Americano de Economia Verde no Brasil"},"content":{"rendered":"<p>S\u00e3o Paulo (EFE) &#8211; A Ag\u00eancia EFE vai organizar em S\u00e3o Paulo, no dia 19 de outubro, a primeira edi\u00e7\u00e3o do F\u00f3rum Latino-Americano de Economia Verde, um evento idealizado para discutir os desafios da crise clim\u00e1tica.<\/p>\n<p>O evento de um dia de dura\u00e7\u00e3o, que conta com o apoio da C\u00e2mara Oficial Espanhola de Com\u00e9rcio no Brasil, reunir\u00e1 autoridades, membros de organiza\u00e7\u00f5es internacionais, empresas, especialistas de centros de pesquisa e representantes da sociedade civil com o objetivo de abordar os desafios da transi\u00e7\u00e3o para uma economia verde.<\/p>\n<p>Energias renov\u00e1veis, descarboniza\u00e7\u00e3o e novas tecnologias no setor de energia, gest\u00e3o de res\u00edduos e de recursos h\u00eddricos, al\u00e9m do empoderamento econ\u00f4mico ser\u00e3o os principais temas do debate.<\/p>\n<p>Entre os participantes confirmados est\u00e1 o representante da Organiza\u00e7\u00e3o das Na\u00e7\u00f5es Unidas para Alimenta\u00e7\u00e3o e Agricultura (FAO) para a Am\u00e9rica Latina, Mario Lubetkin, que vai participar por videoconfer\u00eancia e dar um panorama sobre a seguran\u00e7a alimentar diante das mudan\u00e7as clim\u00e1ticas.<\/p>\n<p>Tamb\u00e9m estar\u00e3o representadas em alto n\u00edvel institui\u00e7\u00f5es como a Organiza\u00e7\u00e3o das Na\u00e7\u00f5es Unidas para a Educa\u00e7\u00e3o, a Ci\u00eancia e a Cultura (Unesco) e o Banco Mundial (BM) .<\/p>\n<p>Tamb\u00e9m estar\u00e3o presentes Enio Verri, diretor-geral brasileiro da Itaipu Binacional, e representantes da Associa\u00e7\u00e3o Internacional de Res\u00edduos S\u00f3lidos (Iswa), da empresa holandesa fabricante de tintas e revestimentos AkzoNobel e de institui\u00e7\u00f5es como Banco Nacional de Desenvolvimento Econ\u00f4mico e Social (BNDES) e Ag\u00eancia Brasileira de Promo\u00e7\u00e3o de Exporta\u00e7\u00f5es e Investimentos (ApexBrasil) tamb\u00e9m estar\u00e3o presentes.<\/p>\n<p>Do lado acad\u00eamico, participar\u00e3o a Empresa Brasileira de Pesquisa Agropecu\u00e1ria (Embrapa) e o Centro de Pesquisa para Inova\u00e7\u00e3o em Gases de Efeito Estufa (RCGI), da Universidade de S\u00e3o Paulo (USP).<\/p>\n<p>A cerim\u00f4nia de abertura contar\u00e1 com as participa\u00e7\u00f5es, por videoconfer\u00eancia, da terceira vice-presidente da Espanha e ministra da Transi\u00e7\u00e3o Ecol\u00f3gica e do Desafio Demogr\u00e1fico, Teresa Ribera, e da presidente da Ag\u00eancia EFE, Gabriela Ca\u00f1as.<\/p>\n<p>&#8220;O I F\u00f3rum Latino-Americano de Economia Verde nasce com a voca\u00e7\u00e3o de se consolidar como um espa\u00e7o de refer\u00eancia no qual governantes, acad\u00eamicos, representantes da sociedade civil e empres\u00e1rios se re\u00fanam anualmente para debater e propor solu\u00e7\u00f5es inovadoras que contribuam para a constru\u00e7\u00e3o de um futuro mais sustent\u00e1vel para nossa sociedade e o planeta&#8221;, disse Ca\u00f1as.<\/p>\n<p>O evento ser\u00e1 transmitido ao vivo pelas redes sociais da EFE e ter\u00e1 ampla cobertura da ag\u00eancia. EFE<\/p>\n","protected":false},"excerpt":{"rendered":"<p>S\u00e3o Paulo (EFE) &#8211; A Ag\u00eancia EFE vai organizar em S\u00e3o Paulo, no dia 19 de outubro, a primeira edi\u00e7\u00e3o do F\u00f3rum Latino-Americano de Economia Verde, um evento idealizado para discutir os desafios da crise clim\u00e1tica. O evento de um dia de dura\u00e7\u00e3o, que conta com o apoio da C\u00e2mara Oficial Espanhola de Com\u00e9rcio no &#8230; <\/p>\n<p class=\"read-more-container\"><a title=\"Ag\u00eancia EFE organizar\u00e1 F\u00f3rum Latino-Americano de Economia Verde no Brasil\" class=\"read-more button\" href=\"https:\/\/staging-cfe5-efecomunicaefe.wpcomstaging.com\/pt-pt\/agencia-efe-forum-latino-americano-economia-verde-brasil\/#more-95100\" aria-label=\"Mais em Ag\u00eancia EFE organizar\u00e1 F\u00f3rum Latino-Americano de Economia Verde no Brasil\">Ler mais<\/a><\/p>\n","protected":false},"author":198164093,"featured_media":95102,"comment_status":"closed","ping_status":"closed","sticky":false,"template":"","format":"standard","meta":{"_acf_changed":false,"_jetpack_newsletter_access":"","_jetpack_dont_email_post_to_subs":false,"_jetpack_newsletter_tier_id":0,"_jetpack_memberships_contains_paywalled_content":false,"_wpcom_ai_launchpad_first_post":false,"_jetpack_feature_clip_id":0,"_jetpack_memberships_contains_paid_content":false,"footnotes":"","jetpack_post_was_ever_published":false},"categories":[123875,125402,125406],"tags":[126058,126695,127453,127645,126416],"class_list":["post-95100","post","type-post","status-publish","format-standard","has-post-thumbnail","hentry","category-economia-pt-pt","category-sustentabilidade","category-tendencias-pt-pt","tag-america-latina-pt-pt","tag-brasil-pt-pt","tag-crise-climatica","tag-economia-verde-pt-pt","tag-sustentabilidade","infinite-scroll-item","generate-columns","tablet-grid-50","mobile-grid-100","grid-parent","grid-50"],"acf":[],"yoast_head":"<!-- This site is optimized with the Yoast SEO plugin v28.4 - https:\/\/yoast.com\/product\/yoast-seo-wordpress\/ -->\n<title>Ag\u00eancia EFE organizar\u00e1 F\u00f3rum Latino-Americano de Economia Verde no Brasil<\/title>\n<meta name=\"description\" content=\"A Ag\u00eancia EFE vai organizar em S\u00e3o Paulo, no dia 19 de outubro, a primeira edi\u00e7\u00e3o do F\u00f3rum Latino-Americano de Economia Verde.\" \/>\n<meta name=\"robots\" content=\"index, follow, max-snippet:-1, max-image-preview:large, max-video-preview:-1\" \/>\n<link rel=\"canonical\" href=\"https:\/\/efecomunica.efe.com\/pt-pt\/agencia-efe-forum-latino-americano-economia-verde-brasil\/\" \/>\n<!-- \/ Yoast SEO plugin. -->","yoast_head_json":{"title":"Ag\u00eancia EFE organizar\u00e1 F\u00f3rum Latino-Americano de Economia Verde no Brasil","description":"A Ag\u00eancia EFE vai organizar em S\u00e3o Paulo, no dia 19 de outubro, a primeira edi\u00e7\u00e3o do F\u00f3rum Latino-Americano de Economia Verde.","robots":{"index":"index","follow":"follow","max-snippet":"max-snippet:-1","max-image-preview":"max-image-preview:large","max-video-preview":"max-video-preview:-1"},"canonical":"https:\/\/efecomunica.efe.com\/pt-pt\/agencia-efe-forum-latino-americano-economia-verde-brasil\/","schema":{"@context":"https:\/\/schema.org","@graph":[{"@type":"Article","@id":"https:\/\/efecomunica.efe.com\/pt-pt\/agencia-efe-forum-latino-americano-economia-verde-brasil\/#article","isPartOf":{"@id":"https:\/\/efecomunica.efe.com\/pt-pt\/agencia-efe-forum-latino-americano-economia-verde-brasil\/"},"author":{"name":"Ana Paula Raposo Chain","@id":"https:\/\/efecomunica.efe.com\/#\/schema\/person\/c909104001020699b704e3df33fef431"},"headline":"Ag\u00eancia EFE organizar\u00e1 F\u00f3rum Latino-Americano de Economia Verde no Brasil","datePublished":"2023-10-02T11:29:28+00:00","dateModified":"2023-12-11T16:35:30+00:00","mainEntityOfPage":{"@id":"https:\/\/efecomunica.efe.com\/pt-pt\/agencia-efe-forum-latino-americano-economia-verde-brasil\/"},"wordCount":454,"publisher":{"@id":"https:\/\/efecomunica.efe.com\/#organization"},"image":{"@id":"https:\/\/efecomunica.efe.com\/pt-pt\/agencia-efe-forum-latino-americano-economia-verde-brasil\/#primaryimage"},"thumbnailUrl":"https:\/\/staging-cfe5-efecomunicaefe.wpcomstaging.com\/wp-content\/uploads\/2023\/12\/LOG-FLEV-PORTUGUES-PNG-1.png","keywords":["Am\u00e9rica Latina","brasil","crise climatica","econom\u00eda verde","sustentabilidade"],"articleSection":["Economia","Sustentabilidade","Tend\u00eancias"],"inLanguage":"pt-PT"},{"@type":"WebPage","@id":"https:\/\/efecomunica.efe.com\/pt-pt\/agencia-efe-forum-latino-americano-economia-verde-brasil\/","url":"https:\/\/efecomunica.efe.com\/pt-pt\/agencia-efe-forum-latino-americano-economia-verde-brasil\/","name":"Ag\u00eancia EFE organizar\u00e1 F\u00f3rum Latino-Americano de Economia Verde no Brasil","isPartOf":{"@id":"https:\/\/efecomunica.efe.com\/#website"},"primaryImageOfPage":{"@id":"https:\/\/efecomunica.efe.com\/pt-pt\/agencia-efe-forum-latino-americano-economia-verde-brasil\/#primaryimage"},"image":{"@id":"https:\/\/efecomunica.efe.com\/pt-pt\/agencia-efe-forum-latino-americano-economia-verde-brasil\/#primaryimage"},"thumbnailUrl":"https:\/\/staging-cfe5-efecomunicaefe.wpcomstaging.com\/wp-content\/uploads\/2023\/12\/LOG-FLEV-PORTUGUES-PNG-1.png","datePublished":"2023-10-02T11:29:28+00:00","dateModified":"2023-12-11T16:35:30+00:00","description":"A Ag\u00eancia EFE vai organizar em S\u00e3o Paulo, no dia 19 de outubro, a primeira edi\u00e7\u00e3o do F\u00f3rum Latino-Americano de Economia Verde.","breadcrumb":{"@id":"https:\/\/efecomunica.efe.com\/pt-pt\/agencia-efe-forum-latino-americano-economia-verde-brasil\/#breadcrumb"},"inLanguage":"pt-PT","potentialAction":[{"@type":"ReadAction","target":["https:\/\/efecomunica.efe.com\/pt-pt\/agencia-efe-forum-latino-americano-economia-verde-brasil\/"]}]},{"@type":"ImageObject","inLanguage":"pt-PT","@id":"https:\/\/efecomunica.efe.com\/pt-pt\/agencia-efe-forum-latino-americano-economia-verde-brasil\/#primaryimage","url":"https:\/\/staging-cfe5-efecomunicaefe.wpcomstaging.com\/wp-content\/uploads\/2023\/12\/LOG-FLEV-PORTUGUES-PNG-1.png","contentUrl":"https:\/\/staging-cfe5-efecomunicaefe.wpcomstaging.com\/wp-content\/uploads\/2023\/12\/LOG-FLEV-PORTUGUES-PNG-1.png","width":925,"height":532},{"@type":"BreadcrumbList","@id":"https:\/\/efecomunica.efe.com\/pt-pt\/agencia-efe-forum-latino-americano-economia-verde-brasil\/#breadcrumb","itemListElement":[{"@type":"ListItem","position":1,"name":"Portada","item":"https:\/\/efecomunica.efe.com\/pt-pt\/"},{"@type":"ListItem","position":2,"name":"Ag\u00eancia EFE organizar\u00e1 F\u00f3rum Latino-Americano de Economia Verde no Brasil"}]},{"@type":"WebSite","@id":"https:\/\/efecomunica.efe.com\/#website","url":"https:\/\/efecomunica.efe.com\/","name":"EFE Comunica","description":"Contenidos para empresas","publisher":{"@id":"https:\/\/efecomunica.efe.com\/#organization"},"potentialAction":[{"@type":"SearchAction","target":{"@type":"EntryPoint","urlTemplate":"https:\/\/efecomunica.efe.com\/?s={search_term_string}"},"query-input":{"@type":"PropertyValueSpecification","valueRequired":true,"valueName":"search_term_string"}}],"inLanguage":"pt-PT"},{"@type":"Organization","@id":"https:\/\/efecomunica.efe.com\/#organization","name":"EFE Comunica","url":"https:\/\/efecomunica.efe.com\/","logo":{"@type":"ImageObject","inLanguage":"pt-PT","@id":"https:\/\/efecomunica.efe.com\/#\/schema\/logo\/image\/","url":"https:\/\/staging-cfe5-efecomunicaefe.wpcomstaging.com\/wp-content\/uploads\/2020\/12\/Logo-EFE-Comunica_png.webp","contentUrl":"https:\/\/staging-cfe5-efecomunicaefe.wpcomstaging.com\/wp-content\/uploads\/2020\/12\/Logo-EFE-Comunica_png.webp","width":1080,"height":486,"caption":"EFE Comunica"},"image":{"@id":"https:\/\/efecomunica.efe.com\/#\/schema\/logo\/image\/"},"sameAs":["https:\/\/www.facebook.com\/EFEComunicaAgenciaEFE","https:\/\/x.com\/EFEcomunica","https:\/\/www.linkedin.com\/showcase\/efecomunica"]},{"@type":"Person","@id":"https:\/\/efecomunica.efe.com\/#\/schema\/person\/c909104001020699b704e3df33fef431","name":"Ana Paula Raposo Chain","image":{"@type":"ImageObject","inLanguage":"pt-PT","@id":"https:\/\/secure.gravatar.com\/avatar\/fdb673c87ee0b2e7929d64a955445cfbf4bfc5af80baee97082d08a440db678f?s=96&d=identicon&r=g","url":"https:\/\/secure.gravatar.com\/avatar\/fdb673c87ee0b2e7929d64a955445cfbf4bfc5af80baee97082d08a440db678f?s=96&d=identicon&r=g","contentUrl":"https:\/\/secure.gravatar.com\/avatar\/fdb673c87ee0b2e7929d64a955445cfbf4bfc5af80baee97082d08a440db678f?s=96&d=identicon&r=g","caption":"Ana Paula Raposo Chain"},"url":"https:\/\/staging-cfe5-efecomunicaefe.wpcomstaging.com\/pt-pt\/author\/achain\/"}]}},"jetpack_likes_enabled":true,"jetpack_shortlink":"https:\/\/wp.me\/ph6zp1-oJS","jetpack_sharing_enabled":true,"jetpack_featured_media_url":"https:\/\/staging-cfe5-efecomunicaefe.wpcomstaging.com\/wp-content\/uploads\/2023\/12\/LOG-FLEV-PORTUGUES-PNG-1.png","_links":{"self":[{"href":"https:\/\/staging-cfe5-efecomunicaefe.wpcomstaging.com\/pt-pt\/wp-json\/wp\/v2\/posts\/95100","targetHints":{"allow":["GET"]}}],"collection":[{"href":"https:\/\/staging-cfe5-efecomunicaefe.wpcomstaging.com\/pt-pt\/wp-json\/wp\/v2\/posts"}],"about":[{"href":"https:\/\/staging-cfe5-efecomunicaefe.wpcomstaging.com\/pt-pt\/wp-json\/wp\/v2\/types\/post"}],"author":[{"embeddable":true,"href":"https:\/\/staging-cfe5-efecomunicaefe.wpcomstaging.com\/pt-pt\/wp-json\/wp\/v2\/users\/198164093"}],"replies":[{"embeddable":true,"href":"https:\/\/staging-cfe5-efecomunicaefe.wpcomstaging.com\/pt-pt\/wp-json\/wp\/v2\/comments?post=95100"}],"version-history":[{"count":4,"href":"https:\/\/staging-cfe5-efecomunicaefe.wpcomstaging.com\/pt-pt\/wp-json\/wp\/v2\/posts\/95100\/revisions"}],"predecessor-version":[{"id":95105,"href":"https:\/\/staging-cfe5-efecomunicaefe.wpcomstaging.com\/pt-pt\/wp-json\/wp\/v2\/posts\/95100\/revisions\/95105"}],"wp:featuredmedia":[{"embeddable":true,"href":"https:\/\/staging-cfe5-efecomunicaefe.wpcomstaging.com\/pt-pt\/wp-json\/wp\/v2\/media\/95102"}],"wp:attachment":[{"href":"https:\/\/staging-cfe5-efecomunicaefe.wpcomstaging.com\/pt-pt\/wp-json\/wp\/v2\/media?parent=95100"}],"wp:term":[{"taxonomy":"category","embeddable":true,"href":"https:\/\/staging-cfe5-efecomunicaefe.wpcomstaging.com\/pt-pt\/wp-json\/wp\/v2\/categories?post=95100"},{"taxonomy":"post_tag","embeddable":true,"href":"https:\/\/staging-cfe5-efecomunicaefe.wpcomstaging.com\/pt-pt\/wp-json\/wp\/v2\/tags?post=95100"}],"curies":[{"name":"wp","href":"https:\/\/api.w.org\/{rel}","templated":true}]}}